{"id":83590,"date":"2022-06-29T12:52:08","date_gmt":"2022-06-29T10:52:08","guid":{"rendered":"https:\/\/www.bontempi.it\/comment-combiner-des-canapes-avec-des-poufs-des-coussins-et-des-elements-decoratifs\/"},"modified":"2022-06-29T12:52:08","modified_gmt":"2022-06-29T10:52:08","slug":"comment-combiner-des-canapes-avec-des-poufs-des-coussins-et-des-elements-decoratifs","status":"publish","type":"post","link":"https:\/\/www.bontempi.it\/fr\/comment-combiner-des-canapes-avec-des-poufs-des-coussins-et-des-elements-decoratifs\/","title":{"rendered":"Comment combiner des canap\u00e9s avec des poufs, des coussins et des \u00e9l\u00e9ments d\u00e9coratifs ?"},"content":{"rendered":"<p>L&rsquo;am\u00e9nagement de l&rsquo;espace de vie requiert toujours la<b> plus grande attention y compris aux plus petits d\u00e9tails<\/b>. Outre les \u00e9l\u00e9ments principaux de l&rsquo;ameublement tels que les canap\u00e9s, les fauteuils, les tables et les tables basses, nous devons \u00e9galement pr\u00eater attention aux <b>\u00e9l\u00e9ments d\u00e9coratifs <\/b>qui peuvent apporter une touche d\u00e9cisive au style de notre int\u00e9rieur <b>: coussins, lampes, tables basses et tapis<\/b>.<br \/>\n\u00c9largissons notre regard et essayons de visualiser l&rsquo;ensemble du salon, en pr\u00eatant attention \u00e0 tous les meubles, toutes les finitions et tous les d\u00e9tails qui le composent. Cet instantan\u00e9 doit repr\u00e9senter<b> un espace \u00e9motionnel, accueillant et qui parle de nous :<\/b> c&rsquo;est pourquoi il ne s&rsquo;agit pas simplement d&rsquo;assortir un fauteuil et un canap\u00e9, il faut aller plus loin.<br \/>\nVoyons quelques conseils utiles pour faire de notre mieux.<\/p>\n<h2><b>Coussins assortis au canap\u00e9 : les formules gagnantes<\/b><\/h2>\n<p>Les coussins sont un <b>accessoire pr\u00e9cieux pour tous les espaces de vie <\/b>car ils peuvent contribuer \u00e0 \u00e9gayer une pi\u00e8ce et \u00e0 la rendre plus dynamique. Les combinaisons sont infinies, mais commen\u00e7ons par choisir une direction :<\/p>\n<ul>\n<li><b>Combinez des couleurs douces ou pastel avec des nuances plus vives<\/b>, comme dans le cas d&rsquo;un <a href=\"https:\/\/www.bontempi.it\/it_it\/divani-e-poltrone\/zenit-plus-02-30.html\"><b>Zenit<\/b> <b>Plus<\/b><\/a>,<\/li>\n<li aria-level=\"1\">un syst\u00e8me modulable en deux versions, de couleur grise avec des coussins carr\u00e9s et rectangulaires tirant sur l&rsquo;orange ou le rouge<\/li>\n<\/ul>\n<figure id=\"attachment_8904\" aria-describedby=\"caption-attachment-8904\" style=\"width: 1000px\" class=\"wp-caption alignnone\"><img loading=\"lazy\" decoding=\"async\" class=\"size-full wp-image-8904\" src=\"http:\/\/journal.bontempi.it\/wp-content\/uploads\/2022\/06\/1000x750_1-1.jpg\" alt=\"Divano Zenit Plus firmato Bontempi\" width=\"1000\" height=\"750\" title=\"\"><figcaption id=\"caption-attachment-8904\" class=\"wp-caption-text\">Bontempi &#8211; Canap\u00e9 Zenit Plus<\/figcaption><\/figure>\n<ul>\n<li aria-level=\"1\"><b>Ton sur ton, mais servant de cadre \u00e0 des textures<\/b>. C&rsquo;est le cas du canap\u00e9 <a href=\"https:\/\/www.bontempi.it\/it_it\/accessories-decorative-cushions-02-36.html\"><b>Bonnie<\/b><\/a>, doux et sinueux, le mod\u00e8le de couleur cr\u00e8me par\u00e9 de coussins d\u00e9coratifs aux formes g\u00e9om\u00e9triques et aux nuances similaires.<\/li>\n<li aria-level=\"1\">Choisissez le <b>contraste marqu\u00e9 entre les formes, les tissus et les couleurs<\/b>, comme le canap\u00e9 deux places <a href=\"https:\/\/www.bontempi.it\/it_it\/divani-e-poltrone\/antares-02-26.html\"><b>Antares<\/b><\/a> de couleur verte, associ\u00e9 \u00e0 son propre pouf rouge, qui fait \u00e9cho \u00e0 une s\u00e9rie de coussins carr\u00e9s et rectangulaires. Son design compact et ses surpiq\u00fbres en font un mod\u00e8le moderne mais ind\u00e9niablement \u00e9l\u00e9gant : parfait pour profiter de grands moments de d\u00e9tente.<\/li>\n<\/ul>\n<figure id=\"attachment_8908\" aria-describedby=\"caption-attachment-8908\" style=\"width: 1000px\" class=\"wp-caption alignnone\"><img loading=\"lazy\" decoding=\"async\" class=\"size-full wp-image-8908\" src=\"http:\/\/journal.bontempi.it\/wp-content\/uploads\/2022\/06\/1000x750_2.jpg\" alt=\"Divano Antares firmato Bontempi\" width=\"1000\" height=\"750\" title=\"\"><figcaption id=\"caption-attachment-8908\" class=\"wp-caption-text\">Bontempi &#8211; Canap\u00e9 Antares<\/figcaption><\/figure>\n<h2><b>Canap\u00e9s et poufs assortis : comment choisir le bon mod\u00e8le ?<\/b><\/h2>\n<p>Si l&rsquo;intention est de cr\u00e9er des <b>rappels de couleur<\/b>, chaque \u00e9l\u00e9ment doit \u00eatre \u00e9tudi\u00e9 \u00e0 la perfection. Un exemple \u00e9l\u00e9gant et efficace pourrait \u00eatre un canap\u00e9 lin\u00e9aire de couleur neutre tel que le <a href=\"https:\/\/www.bontempi.it\/it_it\/divani-e-poltrone\/dakota-02-28.html\"><b>Dakota gris<\/b><\/a>, avec des coussins rectangulaires ton sur ton et des coussins carr\u00e9s bleus, rappelant la couleur des<a href=\"https:\/\/www.bontempi.it\/it_it\/uchi-uch000101.html\"><b> poufs Uchi<\/b><\/a> et <a href=\"https:\/\/www.bontempi.it\/it_it\/badu-bad000101.html\"><b>Badu<\/b><\/a>\u00a0install\u00e9s autour du canap\u00e9. Une autre id\u00e9e pour ajouter une touche sp\u00e9ciale \u00e0 n&rsquo;importe quelle pi\u00e8ce est le si\u00e8ge <a href=\"https:\/\/www.bontempi.it\/it_it\/puffoso-pff000101.html\"><b>Pouffoso<\/b><\/a>\u00a0un compl\u00e9ment simple et lin\u00e9aire mais tr\u00e8s \u00e9l\u00e9gant, parfait comme si\u00e8ge ou simple \u00e9l\u00e9ment d\u00e9coratif dans n&rsquo;importe quelle pi\u00e8ce de la maison.<\/p>\n<figure id=\"attachment_8912\" aria-describedby=\"caption-attachment-8912\" style=\"width: 1000px\" class=\"wp-caption alignnone\"><img loading=\"lazy\" decoding=\"async\" class=\"size-full wp-image-8912\" src=\"http:\/\/journal.bontempi.it\/wp-content\/uploads\/2022\/06\/1000x750_3.png\" alt=\"Pouf Uchi firmato Bontempi\" width=\"1000\" height=\"750\" title=\"\"><figcaption id=\"caption-attachment-8912\" class=\"wp-caption-text\">Bontempi &#8211; Pouf Uchi<\/figcaption><\/figure>\n<p>Les accessoires d&rsquo;ameublement Bontempi sont con\u00e7us pour cr\u00e9er des atmosph\u00e8res accueillantes, avec des rappels de style et de design, contribuant \u00e0 l&rsquo;\u00e9quilibre de tous les int\u00e9rieurs.<\/p>\n<figure id=\"attachment_8916\" aria-describedby=\"caption-attachment-8916\" style=\"width: 750px\" class=\"wp-caption alignnone\"><img loading=\"lazy\" decoding=\"async\" class=\"size-full wp-image-8916\" src=\"http:\/\/journal.bontempi.it\/wp-content\/uploads\/2022\/06\/750x1000.jpg\" alt=\"Divano Dakota firmato Bontempi\" width=\"750\" height=\"1000\" title=\"\"><figcaption id=\"caption-attachment-8916\" class=\"wp-caption-text\"><b>\u00a0<\/b>Bontempi &#8211; Canap\u00e9 Dakota<\/figcaption><\/figure>\n","protected":false},"excerpt":{"rendered":"<p>L&rsquo;am\u00e9nagement de l&rsquo;espace de vie requiert toujours la plus grande attention y compris aux plus petits d\u00e9tails. Outre les \u00e9l\u00e9ments principaux de l&rsquo;ameublement tels que les canap\u00e9s, les fauteuils, les tables et les tables basses, nous devons \u00e9galement pr\u00eater attention aux \u00e9l\u00e9ments d\u00e9coratifs qui peuvent apporter une touche d\u00e9cisive au style de notre int\u00e9rieur : coussins, lampes, tables basses et tapis.<\/p>\n","protected":false},"author":0,"featured_media":3039,"comment_status":"closed","ping_status":"closed","sticky":false,"template":"","format":"standard","meta":{"inline_featured_image":false,"footnotes":""},"categories":[5870],"tags":[],"class_list":["post-83590","post","type-post","status-publish","format-standard","has-post-thumbnail","hentry","category-les-propositions-bontempi-casa"],"acf":{"blog_cta":{"tagline":"","title":"","body":"","link_text":"","link":""},"gallery":null},"_links":{"self":[{"href":"https:\/\/www.bontempi.it\/fr\/wp-json\/wp\/v2\/posts\/83590","targetHints":{"allow":["GET"]}}],"collection":[{"href":"https:\/\/www.bontempi.it\/fr\/wp-json\/wp\/v2\/posts"}],"about":[{"href":"https:\/\/www.bontempi.it\/fr\/wp-json\/wp\/v2\/types\/post"}],"replies":[{"embeddable":true,"href":"https:\/\/www.bontempi.it\/fr\/wp-json\/wp\/v2\/comments?post=83590"}],"version-history":[{"count":0,"href":"https:\/\/www.bontempi.it\/fr\/wp-json\/wp\/v2\/posts\/83590\/revisions"}],"wp:featuredmedia":[{"embeddable":true,"href":"https:\/\/www.bontempi.it\/fr\/wp-json\/wp\/v2\/media\/3039"}],"wp:attachment":[{"href":"https:\/\/www.bontempi.it\/fr\/wp-json\/wp\/v2\/media?parent=83590"}],"wp:term":[{"taxonomy":"category","embeddable":true,"href":"https:\/\/www.bontempi.it\/fr\/wp-json\/wp\/v2\/categories?post=83590"},{"taxonomy":"post_tag","embeddable":true,"href":"https:\/\/www.bontempi.it\/fr\/wp-json\/wp\/v2\/tags?post=83590"}],"curies":[{"name":"wp","href":"https:\/\/api.w.org\/{rel}","templated":true}]}}