{"id":83577,"date":"2022-03-30T16:34:20","date_gmt":"2022-03-30T14:34:20","guid":{"rendered":"https:\/\/www.bontempi.it\/canapes-colores-une-question-de-style\/"},"modified":"2022-03-30T16:34:20","modified_gmt":"2022-03-30T14:34:20","slug":"canapes-colores-une-question-de-style","status":"publish","type":"post","link":"https:\/\/www.bontempi.it\/fr\/canapes-colores-une-question-de-style\/","title":{"rendered":"Canap\u00e9s color\u00e9s : une question de style"},"content":{"rendered":"<p>Pierre angulaire et <b>protagoniste indiscutable<\/b> de la d\u00e9co du salon, <b>le<\/b> <b>canap\u00e9<\/b> est un accessoire d&rsquo;ameublement capable de transformer compl\u00e8tement la perception d&rsquo;un environnement, en lui conf\u00e9rant<b> de la<\/b> <b>personnalit\u00e9, du caract\u00e8re et un style unique<\/b>. Un choix important, donc, qui doit n\u00e9cessairement r\u00e9pondre et <b>satisfaire \u00e0 la fois des exigences pratiques<\/b>,\u00a0telles que <a href=\"https:\/\/journal.bontempi.it\/le-canape-nouveau-protagoniste-de-la-vie-quotidienne\/?lang=fr\" target=\"_blank\" rel=\"noopener\">la disposition correcte en fonction de l&rsquo;espace<\/a>, les formes et les mod\u00e8les,<b> et des crit\u00e8res purement esth\u00e9tiques<\/b>. Si certains canap\u00e9s sont capables de capter notre attention au premier coup d&rsquo;\u0153il, il est \u00e9galement vrai que le coup de c\u0153ur cache souvent des pi\u00e8ges, comme le <b>choix de la couleur et les <\/b>caract\u00e9ristiques propres \u00e0 l&rsquo;espace que nous am\u00e9nageons.<\/p>\n<p>La cr\u00e9ation d&rsquo;<b>une atmosph\u00e8re parfaitement \u00e9quilibr\u00e9e et harmonieuse sur le plan des couleurs<\/b> est, apr\u00e8s tout, l&rsquo;<b>une des priorit\u00e9s de la d\u00e9coration int\u00e9rieure<\/b> \u00e0 laquelle il faut accorder une grande attention.<\/p>\n<p>Vous pouvez choisir, par exemple, de <b>meubler<\/b> une maison <b>en partant de z\u00e9ro<\/b> et de commencer un nouveau projet de d\u00e9coration<b> en partant du canap\u00e9, <\/b>en en faisant la pi\u00e8ce ma\u00eetresse et le point de d\u00e9part inspirateur de toute la d\u00e9coration du salon, mais vous pouvez aussi <b>int\u00e9grer un canap\u00e9 dans le mobilier existant<\/b>, en vous tournant vers un choix plus efficace du point de vue de la coh\u00e9rence entre style et couleurs.<\/p>\n<p>Dans ce sens, la <a href=\"https:\/\/www.bontempi.it\/it_it\/divani-e-poltrone\/\"><b>nouvelle collection de canap\u00e9s Bontempi <\/b><\/a>, compos\u00e9e de cinq mod\u00e8les et accessoires, et d&rsquo;un fauteuil, entend r\u00e9pondre aux attentes les plus vari\u00e9es, gr\u00e2ce \u00e0 <b>une grande vari\u00e9t\u00e9 de rev\u00eatements, de nuances et de couleurs<\/b>, parfaites pour d\u00e9corer tout type d&rsquo;int\u00e9rieur.<\/p>\n<figure id=\"attachment_8600\" aria-describedby=\"caption-attachment-8600\" style=\"width: 1125px\" class=\"wp-caption alignnone\"><img loading=\"lazy\" decoding=\"async\" class=\"wp-image-8600 size-full\" title=\"Poltrona e Pouff Antares\" src=\"http:\/\/journal.bontempi.it\/wp-content\/uploads\/2022\/03\/Poltrone-Antares.jpg\" alt=\" Poltrona Bontempi linea Antares\" width=\"1125\" height=\"1500\" \/><figcaption id=\"caption-attachment-8600\" class=\"wp-caption-text\">Son design compact et ses coutures en font un mod\u00e8le moderne mais indiscutablement \u00e9l\u00e9gant.<\/figcaption><\/figure>\n<h2><b>Les secrets pour choisir la couleur d&rsquo;un canap\u00e9<br \/>\n<\/b><\/h2>\n<p>L&rsquo;univers chromatique du salon est une source d&rsquo;inspiration pour toute la d\u00e9coration de la maison et a une incidence particuli\u00e8re sur l&rsquo;ambiance de notre int\u00e9rieur. C&rsquo;est la raison pour laquelle le <b>choix de la couleur<\/b>, en particulier lorsqu&rsquo;il s&rsquo;agit d&rsquo;un meuble aussi essentiel pour le salon que le canap\u00e9, doit \u00eatre <b>pens\u00e9 et analys\u00e9 dans les moindres d\u00e9tails<\/b>. Cela peut sembler compliqu\u00e9, mais il existe des facteurs d\u00e9terminants qui, de mani\u00e8re surprenante, peuvent nous mettre sur la bonne voie.<\/p>\n<p>Voici <b>trois questions cruciales <\/b>\u00e0 se poser pour prendre la bonne direction au moment de choisir la couleur de votre canap\u00e9.<\/p>\n<h3><b>Quelle est la superficie du salon ?<br \/>\n<\/b><\/h3>\n<p><b>La superficie du salon <\/b>en dit long sur les caract\u00e9ristiques de notre futur mobilier.<b> Un salon spacieux <\/b>peut facilement accueillir des<b> canap\u00e9s aux couleurs vives<\/b>, donnant une personnalit\u00e9 unique \u00e0 l&rsquo;ensemble de l&rsquo;espace ; en revanche, si le <b>salon est petit,<\/b> il est pr\u00e9f\u00e9rable de <b>choisir des<\/b> <b>couleurs claires<\/b> pour donner de la profondeur \u00e0 l&rsquo;int\u00e9rieur sans courir le risque d&rsquo;en r\u00e9duire davantage la taille.<\/p>\n<h3><b>La pi\u00e8ce est-elle \u00e9clair\u00e9e ?<br \/>\n<\/b><\/h3>\n<p>L&rsquo;un des conseils les plus importants pour choisir la couleur parfaite est de <b>tenir compte de la quantit\u00e9 de lumi\u00e8re naturelle<\/b> p\u00e9n\u00e9trant dans la pi\u00e8ce. Si les fen\u00eatres sont tr\u00e8s grandes, par exemple, et laissent passer<b> beaucoup de lumi\u00e8re<\/b>, il est possible d&rsquo;oser une <b>tonalit\u00e9 plus fonc\u00e9e<\/b> ; en revanche, si la source de <b>lumi\u00e8re<\/b> est <b>limit\u00e9e<\/b>, il est pr\u00e9f\u00e9rable d&rsquo;opter <b>pour une couleur plus claire<\/b> capable de refl\u00e9ter la lumi\u00e8re existante et donner de la profondeur \u00e0 l&rsquo;int\u00e9rieur.<\/p>\n<h3><b>Quel est le style g\u00e9n\u00e9ral de la maison ?<br \/>\n<\/b><\/h3>\n<p>Si le salon<b> doit \u00eatre enti\u00e8rement meubl\u00e9<\/b>, vous pouvez opter pour des<b> couleurs neutres <\/b>\u00e0 partir desquelles vous agencerez ensuite l&rsquo;ameublement en toute libert\u00e9, ou choisir au contraire des teintes vives et lumineuses pour faire du canap\u00e9 la pi\u00e8ce ma\u00eetresse du salon.<\/p>\n<p>En revanche, si le canap\u00e9 doit int\u00e9grer <b>une pi\u00e8ce d\u00e9j\u00e0 d\u00e9cor\u00e9e<\/b>, il est possible d&rsquo;agir en tenant compte de la <b>couleur du sol, des murs et du mobilier existant<\/b> : par exemple, un salon avec du parquet et des meubles en bois s&rsquo;accordera parfaitement avec un canap\u00e9 classique de couleur beige, cr\u00e8me ou blanche.<\/p>\n<h2><b>Canap\u00e9s clairs ou fonc\u00e9s : un duel \u00e9ternel<br \/>\n<\/b><\/h2>\n<p>La psychologie de la couleur exerce une influence consid\u00e9rable sur l&rsquo;ambiance g\u00e9n\u00e9rale du salon et de toute la maison. Apr\u00e8s avoir r\u00e9pondu aux trois premi\u00e8res questions, la derni\u00e8re chose \u00e0 faire est de se demander : <b><i>\u00ab\u00a0Comment je veux me sentir dans cet espace ?\u00a0\u00bb<\/i><\/b><\/p>\n<p><b>Choisir une teinte<\/b> capable de cr\u00e9er l&rsquo;ambiance id\u00e9ale est une \u00e9tape cruciale pour vivre dans le <b>meilleur environnement possible<\/b> et parvenir \u00e0 un \u00e9quilibre o\u00f9 vous pourrez vivre en totale harmonie.<\/p>\n<h3><b>Couleurs neutres et naturelles<br \/>\n<\/b><\/h3>\n<p>Les<b> couleurs neutres telles que le blanc, le gris, le cr\u00e8me et les diff\u00e9rentes nuances de beige<\/b> sont toujours d&rsquo;actualit\u00e9 et s&rsquo;int\u00e8grent harmonieusement dans n&rsquo;importe quel int\u00e9rieur, cr\u00e9ant <b>un style bien pr\u00e9cis<\/b> procurant une sensation de calme et de d\u00e9tente.<\/p>\n<p>Un mod\u00e8le id\u00e9al pour les int\u00e9rieurs spacieux est le\u00a0<a href=\"https:\/\/www.bontempi.it\/it_it\/divani-e-poltrone\/dakota-02-28.html\">Dakota<\/a>, un canap\u00e9 \u00e0 la forme l\u00e9g\u00e8re et raffin\u00e9e, parfait pour les salons spacieux et harmonieux, qui repr\u00e9sente un choix avant-gardiste et ind\u00e9modable. Si, au contraire, votre int\u00e9rieur est plus intime et plus sobre, le fauteuil <a href=\"https:\/\/www.bontempi.it\/it_it\/divani-e-poltrone\/kodi-armchair-02-32.html\">Kodi<\/a>\u00a0est une bonne option pour donner de la personnalit\u00e9 \u00e0 votre pi\u00e8ce.<\/p>\n<figure id=\"attachment_8604\" aria-describedby=\"caption-attachment-8604\" style=\"width: 1500px\" class=\"wp-caption alignnone\"><img loading=\"lazy\" decoding=\"async\" class=\"wp-image-8604 size-full\" title=\"Divano Dakota\" src=\"http:\/\/journal.bontempi.it\/wp-content\/uploads\/2022\/03\/Divano-Dakota.jpg\" alt=\"Divano Bontempi della Linea Dakota\" width=\"1500\" height=\"1125\" \/><figcaption id=\"caption-attachment-8604\" class=\"wp-caption-text\">Un v\u00e9ritable syst\u00e8me d&rsquo;ameublement qui combine la modularit\u00e9 de ses \u00e9l\u00e9ments avec les accessoires qui lui sont d\u00e9di\u00e9s pour r\u00e9pondre aux besoins de design, de confort et de fonctionnalit\u00e9.<\/figcaption><\/figure>\n<h3><b>Couleurs chaudes et vives<br \/>\n<\/b><\/h3>\n<p><b>Pour cr\u00e9er une atmosph\u00e8re chaleureuse, les teintes les plus appropri\u00e9es se situent dans le spectre allant du rouge \u00e0 l&rsquo;ocre, sans exclure toutefois les nuances de sable.<\/b>Le mod\u00e8le <a href=\"https:\/\/www.bontempi.it\/it_it\/divani-e-poltrone\/sunset-02-29.html\"><b>Sunset<\/b><\/a> par exemple, est id\u00e9al pour cr\u00e9er de grands \u00eelots de d\u00e9tente \u00e0 forte personnalit\u00e9, sans oublier la touche raffin\u00e9e des accessoires color\u00e9s. Le canap\u00e9 <a href=\"https:\/\/www.bontempi.it\/it_it\/divani-e-poltrone\/antares-02-26.html\"><b>Antares<\/b><\/a>\u00a0se pr\u00eate quant \u00e0 lui davantage aux int\u00e9rieurs intimes qui ont besoin de dynamisme.<\/p>\n","protected":false},"excerpt":{"rendered":"<p>Pierre angulaire et protagoniste indiscutable de la d\u00e9co du salon, le canap\u00e9 est un accessoire d&rsquo;ameublement capable de transformer compl\u00e8tement la perception d&rsquo;un environnement, en lui conf\u00e9rant de la personnalit\u00e9, du caract\u00e8re et un style unique.<\/p>\n","protected":false},"author":0,"featured_media":3104,"comment_status":"closed","ping_status":"closed","sticky":false,"template":"","format":"standard","meta":{"inline_featured_image":false,"footnotes":""},"categories":[5870],"tags":[],"class_list":["post-83577","post","type-post","status-publish","format-standard","has-post-thumbnail","hentry","category-les-propositions-bontempi-casa"],"acf":{"blog_cta":{"tagline":"","title":"","body":"","link_text":"","link":""},"gallery":""},"_links":{"self":[{"href":"https:\/\/www.bontempi.it\/fr\/wp-json\/wp\/v2\/posts\/83577","targetHints":{"allow":["GET"]}}],"collection":[{"href":"https:\/\/www.bontempi.it\/fr\/wp-json\/wp\/v2\/posts"}],"about":[{"href":"https:\/\/www.bontempi.it\/fr\/wp-json\/wp\/v2\/types\/post"}],"replies":[{"embeddable":true,"href":"https:\/\/www.bontempi.it\/fr\/wp-json\/wp\/v2\/comments?post=83577"}],"version-history":[{"count":0,"href":"https:\/\/www.bontempi.it\/fr\/wp-json\/wp\/v2\/posts\/83577\/revisions"}],"wp:featuredmedia":[{"embeddable":true,"href":"https:\/\/www.bontempi.it\/fr\/wp-json\/wp\/v2\/media\/3104"}],"wp:attachment":[{"href":"https:\/\/www.bontempi.it\/fr\/wp-json\/wp\/v2\/media?parent=83577"}],"wp:term":[{"taxonomy":"category","embeddable":true,"href":"https:\/\/www.bontempi.it\/fr\/wp-json\/wp\/v2\/categories?post=83577"},{"taxonomy":"post_tag","embeddable":true,"href":"https:\/\/www.bontempi.it\/fr\/wp-json\/wp\/v2\/tags?post=83577"}],"curies":[{"name":"wp","href":"https:\/\/api.w.org\/{rel}","templated":true}]}}