{"id":83567,"date":"2021-09-05T17:18:41","date_gmt":"2021-09-05T15:18:41","guid":{"rendered":"https:\/\/www.bontempi.it\/salone-del-mobile-les-conseils-de-bontempi-pour-l-evenement-de-l-annee\/"},"modified":"2021-09-05T16:40:33","modified_gmt":"2021-09-05T14:40:33","slug":"salone-del-mobile-les-conseils-de-bontempi-pour-l-evenement-de-l-annee","status":"publish","type":"post","link":"https:\/\/www.bontempi.it\/fr\/salone-del-mobile-les-conseils-de-bontempi-pour-levenement-de-lannee\/","title":{"rendered":"Salone del Mobile: les conseils de Bontempi pour l&rsquo;\u00e9v\u00e9nement de l&rsquo;ann\u00e9e"},"content":{"rendered":"<p>Tout est pr\u00eat pour commencer une nouvelle \u00e9dition du <strong>Salone del Mobile<\/strong>, qui pour la premi\u00e8re fois de ses soixante ans d&rsquo;histoire se d\u00e9roule en septembre &#8211; mais ne bouge pas de l&#8217;emplacement classique de Rho Fiera Milano. Une fois de plus, <strong>Bontempi<\/strong> sera pr\u00e9sent avec une s\u00e9lection \u00e9l\u00e9gante et moderne de produits qui composent la nouvelle <a href=\"https:\/\/journal.bontempi.it\/actualites-bontempi-casa-2021-les-produits-en-route\/?lang=fr\" target=\"_blank\" rel=\"noopener\"><strong>Living Collection 2021<\/strong><\/a>, pour meubler avec go\u00fbt les espaces domestiques et contract o\u00f9 vous pourrez vivre les \u00e9motions inoubliables de chaque jour. Dans un espace d&rsquo;exposition repens\u00e9 par rapport aux \u00e9ditions pr\u00e9c\u00e9dentes pour donner aux exposants l&rsquo;opportunit\u00e9 de pr\u00e9senter leurs produits mais aussi de raconter leur histoire, la soci\u00e9t\u00e9 anconnaise proposera un tour d&rsquo;horizon de l&rsquo;actualit\u00e9 en mati\u00e8re de tables, chaises et fauteuils, lampes et biblioth\u00e8ques mais aussi sur sa production 100% <a href=\"https:\/\/journal.bontempi.it\/mobilier-design-made-in-italy-au-salone-del-mobile-2021\/?lang=fr\" target=\"_blank\" rel=\"noopener\">made in Italy<\/a> et sur les valeurs qui la guident depuis 50 ans.<\/p>\n<h2><strong>L&rsquo;actualit\u00e9 de <\/strong>Bontempi au Supersalone 2021<\/h2>\n<p>Fruit du d\u00e9sir constant de renouvellement de l&rsquo;entreprise, la nouvelle Living Collection enrichit le catalogue Bontempi avec des propositions strictement made in Italy qui perp\u00e9tuent une tradition faite d&rsquo;attention aux d\u00e9tails, de s\u00e9lection de mat\u00e9riaux de qualit\u00e9 et de design raffin\u00e9 pour satisfaire m\u00eame les yeux les plus exigeants.<\/p>\n<p><img decoding=\"async\" class=\"alignnone wp-image-7982 size-large\" src=\"http:\/\/journal.bontempi.it\/wp-content\/uploads\/2021\/09\/Supersalone-front.jpg\" alt=\" width=\" height=\"265\" title=\"\"><\/p>\n<p>Un r\u00f4le de premier plan dans l&rsquo;exposition sera jou\u00e9 par le nouveau <a href=\"https:\/\/www.bontempi.it\/it_fr\/tables\/bridge-03-06.html\" target=\"_blank\" rel=\"noopener\"><strong>Bridge<\/strong><\/a>, qui peut devenir une table \u00e0 manger \u00e9l\u00e9gante, mais se pr\u00eate \u00e9galement parfaitement \u00e0 \u00eatre plac\u00e9 dans des environnements professionnels en tant que bureau de repr\u00e9sentation. Son design se caract\u00e9rise par la structure particuli\u00e8re des tr\u00e9teaux, une ligne intemporelle et toujours actuelle, enrichie de d\u00e9tails d\u00e9coratifs qui peuvent \u00eatre choisis dans diff\u00e9rentes couleurs pour cr\u00e9er la combinaison qui convient le mieux \u00e0 votre style d&rsquo;ameublement, allant du noir classique et de l&rsquo;or \u00e0 des touches plus audacieuses.<\/p>\n<p>Parmi les si\u00e8ges, en revanche, <a href=\"https:\/\/www.bontempi.it\/it_fr\/assises\/drop-03-03.html\" target=\"_blank\" rel=\"noopener\"><strong>Drop<\/strong><\/a> a une forme enveloppante qui \u00e9voque la sensation d&rsquo;une \u00e9treinte, tandis que le drap\u00e9 de son dossier exprime parfaitement le style sur mesure du Made in Italy selon Bontempi. Extr\u00eamement polyvalent, elle a une base disponible en quatre variantes, une en bois massif et les autres en acier laqu\u00e9. Douce et enveloppante est aussi <a href=\"https:\/\/www.bontempi.it\/it_fr\/assises\/dada-03-02.html\" target=\"_blank\" rel=\"noopener\"><strong>Dada<\/strong><\/a>, dont le charme r\u00e9tro rappelle les silhouettes \u00e9l\u00e9gantes des ann\u00e9es 50 mais aussi la cr\u00e9ativit\u00e9 du dada\u00efsme, courant artistique visionnaire des ann\u00e9es 20, tandis que <a href=\"https:\/\/www.bontempi.it\/it_fr\/assises\/polo-01-65.html\" target=\"_blank\" rel=\"noopener\"><strong>Polo<\/strong><\/a>, avec ses lignes carr\u00e9es et essentielles, affiche un caract\u00e8re diam\u00e9tralement oppos\u00e9.<\/p>\n<p><img decoding=\"async\" class=\"alignnone wp-image-7986 size-full\" src=\"http:\/\/journal.bontempi.it\/wp-content\/uploads\/2021\/09\/Supersalone-nicchia.jpg\" alt=\" width=\" height=\"750\" title=\"\"><\/p>\n<p>Il existe \u00e9galement une proposition pour l&rsquo;organisation des espaces, \u00e0 savoir la biblioth\u00e8que <a href=\"https:\/\/www.bontempi.it\/it_fr\/bibliotheques\/charlotte-wall-fixing-03-12.html\" target=\"_blank\" rel=\"noopener\"><strong>Charlotte<\/strong><\/a>, modulable et r\u00e9alisable avec fixation murale ou au plafond. L&rsquo;attention port\u00e9e aux d\u00e9tails en fait une pi\u00e8ce de design capable de donner une touche suppl\u00e9mentaire aux meubles, tandis que les \u00e9tag\u00e8res modulaires permettent une flexibilit\u00e9 et une personnalisation maximales.<\/p>\n<p>Un grand espace dans la Living Collection &#8211; et au Supersalone &#8211; est ensuite r\u00e9serv\u00e9 au th\u00e8me de l&rsquo;\u00e9clairage, avec plusieurs nouvelles propositions pour chaque besoin. De grand impact est <a href=\"https:\/\/www.bontempi.it\/it_fr\/lighting\/circle-56-33.html\" target=\"_blank\" rel=\"noopener\"><strong>Circle<\/strong><\/a>, qui devient le protagoniste de l&rsquo;espace et capte l&rsquo;attention avec sa structure arqu\u00e9e qui s&rsquo;\u00e9l\u00e8ve vers le haut pour diffuser la lumi\u00e8re d&rsquo;une mani\u00e8re compl\u00e8tement nouvelle et originale. En revanche, <a href=\"https:\/\/www.bontempi.it\/it_fr\/lighting\/spark-03-16.html\" target=\"_blank\" rel=\"noopener\"><strong>Spark <\/strong><\/a>et<a href=\"https:\/\/www.bontempi.it\/it_fr\/lighting\/blow-03-14.html\" target=\"_blank\" rel=\"noopener\"><strong> Blow<\/strong><\/a> sont plus d\u00e9licats, constitu\u00e9s de bulles de verre borosilicat\u00e9 qui dansaient dans les versions \u00e0 suspension ou se reposaient dans des compositions raffin\u00e9es de table.<\/p>\n<h2><strong>Nous sommes impatients de vous voir au <\/strong>Supersalone 2021<\/h2>\n<p>D\u00e9couvrez le frisson d&rsquo;un espace meubl\u00e9 Bontempi et toutes les possibilit\u00e9s de personnaliser tables, chaises, buffets, biblioth\u00e8ques et bien plus encore, en satisfaisant tous les besoins esth\u00e9tiques et fonctionnels. L&rsquo;\u00e9quipe Bontempi vous attend du 5 au 10 septembre \u00e0 Rho Fiera, Milan, au Stand Hall 03 &#8211; Stand G22.<\/p>\n<p><strong>D\u00e9couvrez la s\u00e9lection Bontempi en avant-premi\u00e8re: cliquez <a href=\"https:\/\/www.bontempi.it\/it_fr\/\" target=\"_blank\" rel=\"noopener\">ici<\/a><\/strong><strong>\u00a0et abonnez-vous \u00e0 notre newsletter.<\/strong><\/p>\n","protected":false},"excerpt":{"rendered":"<p>Toute l&rsquo;actualit\u00e9 de la Living Collection \u00e0 d\u00e9couvrir sur le stand d\u00e9di\u00e9 \u00e0 l&rsquo;int\u00e9rieur du Supersalone<\/p>\n","protected":false},"author":0,"featured_media":28403,"comment_status":"closed","ping_status":"closed","sticky":false,"template":"","format":"standard","meta":{"inline_featured_image":false,"footnotes":""},"categories":[5872],"tags":[],"class_list":["post-83567","post","type-post","status-publish","format-standard","has-post-thumbnail","hentry","category-salone-del-mobile-2018-fr"],"acf":{"blog_cta":{"tagline":"","title":"","body":"","link_text":"","link":""},"gallery":null},"_links":{"self":[{"href":"https:\/\/www.bontempi.it\/fr\/wp-json\/wp\/v2\/posts\/83567","targetHints":{"allow":["GET"]}}],"collection":[{"href":"https:\/\/www.bontempi.it\/fr\/wp-json\/wp\/v2\/posts"}],"about":[{"href":"https:\/\/www.bontempi.it\/fr\/wp-json\/wp\/v2\/types\/post"}],"replies":[{"embeddable":true,"href":"https:\/\/www.bontempi.it\/fr\/wp-json\/wp\/v2\/comments?post=83567"}],"version-history":[{"count":0,"href":"https:\/\/www.bontempi.it\/fr\/wp-json\/wp\/v2\/posts\/83567\/revisions"}],"wp:featuredmedia":[{"embeddable":true,"href":"https:\/\/www.bontempi.it\/fr\/wp-json\/wp\/v2\/media\/28403"}],"wp:attachment":[{"href":"https:\/\/www.bontempi.it\/fr\/wp-json\/wp\/v2\/media?parent=83567"}],"wp:term":[{"taxonomy":"category","embeddable":true,"href":"https:\/\/www.bontempi.it\/fr\/wp-json\/wp\/v2\/categories?post=83567"},{"taxonomy":"post_tag","embeddable":true,"href":"https:\/\/www.bontempi.it\/fr\/wp-json\/wp\/v2\/tags?post=83567"}],"curies":[{"name":"wp","href":"https:\/\/api.w.org\/{rel}","templated":true}]}}