{"id":83556,"date":"2021-06-11T08:41:17","date_gmt":"2021-06-11T06:41:17","guid":{"rendered":"https:\/\/www.bontempi.it\/revenir-nous-asseoir-a-la-table-de-notre-restaurant-prefere\/"},"modified":"2021-06-11T09:13:56","modified_gmt":"2021-06-11T07:13:56","slug":"revenir-nous-asseoir-a-la-table-de-notre-restaurant-prefere","status":"publish","type":"post","link":"https:\/\/www.bontempi.it\/fr\/revenir-nous-asseoir-a-la-table-de-notre-restaurant-prefere\/","title":{"rendered":"Revenir nous asseoir \u00e0 la table de notre restaurant pr\u00e9f\u00e9r\u00e9"},"content":{"rendered":"<p>Quelques ann\u00e9es ont pass\u00e9es, mais Gaia s&rsquo;en souvient comme si c&rsquo;\u00e9tait hier, le premier rendez-vous avec Andrea: une soir\u00e9e seulement pour eux, un d\u00eener dehors pour mieux se conna\u00eetre et puis, qui sait&#8230; D\u00e8s qu&rsquo;ils franchi le seuil du restaurant, ils se sentaient parfaitement \u00e0 l&rsquo;aise. La table qui leur \u00e9tait r\u00e9serv\u00e9e par le ma\u00eetre, calme et avec une vue magnifique sur la mer, avait contribu\u00e9 \u00e0 rendre l&rsquo;atmosph\u00e8re encore plus sp\u00e9ciale. Sur ces chaises enveloppantes, le temps s&rsquo;\u00e9tait \u00e9coul\u00e9 et les affinit\u00e9s entre les deux avaient spontan\u00e9ment \u00e9merg\u00e9es &#8211; un peu \u00e0 l&rsquo;image de l&rsquo;\u00e9l\u00e9gance d\u00e9contract\u00e9e et authentique du lieu. Depuis ce soir-l\u00e0, ils ne sont jamais partis, et ils n&rsquo;ont m\u00eame jamais quitt\u00e9 leur place sp\u00e9ciale. La derni\u00e8re <a href=\"https:\/\/journal.bontempi.it\/le-diner-le-plus-romantique-pour-la-saint-valentin\/?lang=fr\/\" target=\"_blank\" rel=\"noopener\">Saint-Valentin<\/a> ils ont d\u00fb la c\u00e9l\u00e9brer \u00e0 la maison, en essayant de reproduire la mise en place raffin\u00e9e du restaurant, mais maintenant ils ont h\u00e2te d&rsquo;y retourner pour passer une soir\u00e9e romantique entre le tintement des verres et le coucher de soleil sur la mer. Tout est-il tel qu&rsquo;ils s&rsquo;en souviennent, ou peut-\u00eatre m\u00eame plus beau?<\/p>\n<figure id=\"attachment_6621\" aria-describedby=\"caption-attachment-6621\" style=\"width: 750px\" class=\"wp-caption aligncenter\"><img loading=\"lazy\" decoding=\"async\" class=\"wp-image-6621 size-full\" src=\"http:\/\/journal.bontempi.it\/wp-content\/uploads\/2020\/08\/CLUB_52-92M306_PA04_MOOD_34-09M306_Z031_MOOD_34-31M306_Z031.jpg\" alt=\"Chaises Mood et tables basses Club\" width=\"750\" height=\"1000\" title=\"\"><figcaption id=\"caption-attachment-6621\" class=\"wp-caption-text\">Chaises Mood avec pieds \u00e0 section ronde en acier laqu\u00e9 et polypropyl\u00e8ne monocoque. Tables basses Club avec pi\u00e8tement en acier laqu\u00e9.<\/figcaption><\/figure>\n<p>Le vendredi soir apr\u00e8s le travail, on se retrouve devant un bon verre de vin. Gianluca et ses amis avaient l&rsquo;habitude d&rsquo;ouvrir le week-end comme \u00e7a. Une agr\u00e9able habitude n\u00e9e un peu par hasard, lorsque ce nouveau caviste avec cuisine a ouvert \u00e0 proximit\u00e9 de leurs bureaux. Semaine apr\u00e8s semaine, ils avaient \u00e9t\u00e9s conquis par cet environnement moderne o\u00f9 ils se sentaient comme chez eux. Entre fermetures et p\u00e9riodes de <a href=\"https:\/\/journal.bontempi.it\/le-smart-working-et-lart-de-creer-un-bureau-a-domicile\/?lang=fr\/\" target=\"_blank\" rel=\"noopener\">travail intelligentes<\/a>, cependant, leur bonne habitude c\u00e8de la place \u00e0 autre chose. Mais juste quelques coups de fil, quelques messages pour d\u00e9finir les derniers d\u00e9tails, et les voil\u00e0 de nouveau ensemble, pr\u00eats \u00e0 passer la soir\u00e9e dans la joie. Ils s&rsquo;assoient autour des nouvelles tables rondes, parcourent la carte des vins, et le week-end peut enfin commencer.<\/p>\n<figure id=\"attachment_7253\" aria-describedby=\"caption-attachment-7253\" style=\"width: 1348px\" class=\"wp-caption aligncenter\"><img loading=\"lazy\" decoding=\"async\" class=\"wp-image-7253 size-full\" src=\"http:\/\/journal.bontempi.it\/wp-content\/uploads\/2021\/01\/idee-arredamento-ristorante-1.jpg\" alt=\"Chaise Mood et tables basses Alis\" width=\"1348\" height=\"899\" title=\"\"><figcaption id=\"caption-attachment-7253\" class=\"wp-caption-text\">Chaise Mood avec ou sans accoudoirs, structure en acier laqu\u00e9 et coque en polypropyl\u00e8ne, rembourr\u00e9e et recouverte de velours \u00e0 l&rsquo;avant. Tables basses Alis avec base en acier laqu\u00e9 et plateau stratifi\u00e9.<\/figcaption><\/figure>\n<p>Daniele et Caterina ont eu la m\u00eame id\u00e9e: dimanche sera l&rsquo;anniversaire de maman, et il n&rsquo;y a aucun doute sur la fa\u00e7on de le c\u00e9l\u00e9brer. Il a pr\u00e9venu ses proches, tandis que sa s\u0153ur songeait \u00e0 r\u00e9server \u00ab\u00a0leur\u00a0\u00bb table au restaurant qui &#8211; depuis qu&rsquo;ils sont enfants &#8211; les a vus f\u00eater des anniversaires, des petits et des grands objectifs, mais aussi des moments de bonheur familial ordinaire. Et d&rsquo;autre part, eux aussi ont vu l&rsquo;environnement <a href=\"https:\/\/journal.bontempi.it\/mobilier-de-restaurant-idees-et-inspirations-pour-le-renouveler\/?lang=fr\/\" target=\"_blank\" rel=\"noopener\">changer et se renouveler<\/a> au fil des ans: une couleur diff\u00e9rente aux murs, des si\u00e8ges design, de nouveaux plats \u00e0 la carte, tout en restant toujours fid\u00e8le \u00e0 son identit\u00e9. Pendant les p\u00e9riodes de fermeture, ils ont continu\u00e9 \u00e0 profiter de leurs plats pr\u00e9f\u00e9r\u00e9s gr\u00e2ce \u00e0 l&rsquo;organisation du service \u00e0 emporter, mais ils ont h\u00e2te de se retrouver tous ensemble autour de cette table.<\/p>\n","protected":false},"excerpt":{"rendered":"<p>Chacun de nous a (au moins) un restaurant du coeur o\u00f9 l&rsquo;on peut revenir vivre des moments heureux en compagnie<\/p>\n","protected":false},"author":0,"featured_media":28219,"comment_status":"closed","ping_status":"closed","sticky":false,"template":"","format":"standard","meta":{"inline_featured_image":false,"footnotes":""},"categories":[5867,5869],"tags":[],"class_list":["post-83556","post","type-post","status-publish","format-standard","has-post-thumbnail","hentry","category-stories-fr","category-living-stories-fr"],"acf":{"blog_cta":{"tagline":"","title":"","body":"","link_text":"","link":""},"gallery":null},"_links":{"self":[{"href":"https:\/\/www.bontempi.it\/fr\/wp-json\/wp\/v2\/posts\/83556","targetHints":{"allow":["GET"]}}],"collection":[{"href":"https:\/\/www.bontempi.it\/fr\/wp-json\/wp\/v2\/posts"}],"about":[{"href":"https:\/\/www.bontempi.it\/fr\/wp-json\/wp\/v2\/types\/post"}],"replies":[{"embeddable":true,"href":"https:\/\/www.bontempi.it\/fr\/wp-json\/wp\/v2\/comments?post=83556"}],"version-history":[{"count":0,"href":"https:\/\/www.bontempi.it\/fr\/wp-json\/wp\/v2\/posts\/83556\/revisions"}],"wp:featuredmedia":[{"embeddable":true,"href":"https:\/\/www.bontempi.it\/fr\/wp-json\/wp\/v2\/media\/28219"}],"wp:attachment":[{"href":"https:\/\/www.bontempi.it\/fr\/wp-json\/wp\/v2\/media?parent=83556"}],"wp:term":[{"taxonomy":"category","embeddable":true,"href":"https:\/\/www.bontempi.it\/fr\/wp-json\/wp\/v2\/categories?post=83556"},{"taxonomy":"post_tag","embeddable":true,"href":"https:\/\/www.bontempi.it\/fr\/wp-json\/wp\/v2\/tags?post=83556"}],"curies":[{"name":"wp","href":"https:\/\/api.w.org\/{rel}","templated":true}]}}