{"id":83533,"date":"2020-09-18T06:21:55","date_gmt":"2020-09-18T04:21:55","guid":{"rendered":"https:\/\/www.bontempi.it\/bontempi-casa-revient-a-la-foire-expocasa-turin\/"},"modified":"2022-10-11T16:26:33","modified_gmt":"2022-10-11T14:26:33","slug":"bontempi-casa-revient-a-la-foire-expocasa-turin","status":"publish","type":"post","link":"https:\/\/www.bontempi.it\/fr\/bontempi-casa-revient-a-la-foire-dexpocasa-turin\/","title":{"rendered":"Bontempi revient \u00e0 la foire d&rsquo;Expocasa Turin"},"content":{"rendered":"<p>Apr\u00e8s la longue pause impos\u00e9e ces derniers mois par l&rsquo;urgence sanitaire, retrouvons-nous: Bontempi sera pr\u00e9sente \u00e0 la 57\u00e8me \u00e9dition <strong>d&rsquo;Expocasa \u2013 la Foire de l\u2019Ameublement \u00e0 Turin<\/strong>, l&rsquo;\u00e9v\u00e9nement historique organis\u00e9 \u00e0 l&rsquo;Oval. Les dates \u00e0 marquer \u00e0 l&rsquo;ordre du jour sont celles du 26 septembre au 4 octobre.<\/p>\n<p><img loading=\"lazy\" decoding=\"async\" class=\"aligncenter size-full wp-image-6639\" src=\"http:\/\/journal.bontempi.it\/wp-content\/uploads\/2020\/09\/locandina_Expocasa-Torino.jpg\" alt=\"Expocasa Torino\" width=\"1500\" height=\"1061\" title=\"\"><\/p>\n<p>Dans un moment ainsi important de red\u00e9marrage \u00e9conomique et social du pays, Bontempi participe \u00e0 l&rsquo;\u00e9v\u00e9nement avec un stand organis\u00e9 par ARR Complet. Ici seront expos\u00e9s quelques-uns des produits les plus repr\u00e9sentatifs de la soci\u00e9t\u00e9 d\u2019Anc\u00f4ne, strictement <a href=\"http:\/\/journal.bontempi.it\/meubles-made-in-italy-quand-la-tradition-est-a-la-maison\/?lang=fr\" target=\"_blank\" rel=\"noopener\">fabriqu\u00e9s en Italie<\/a> et trait\u00e9s dans les moindres d\u00e9tails: des tables adapt\u00e9es \u00e0 tous les styles meubles, placards r\u00e9interpr\u00e9t\u00e9s de fa\u00e7on moderne, accessoires et compl\u00e9ments pour meubler avec \u00e9l\u00e9gance.<\/p>\n<p><img decoding=\"async\" class=\"aligncenter size-full wp-image-6643\" src=\"http:\/\/journal.bontempi.it\/wp-content\/uploads\/2020\/09\/MIRAGE_53-08M312_L036_POLO_34-63R_L006_TKC06_MADISON_15-51SPM326_M328_CM006.jpg\" alt=\" width=\" height=\"1047\" title=\"\"><\/p>\n<p>Expocasa sera le premier grand \u00e9v\u00e9nement public en salle \u00e0 Turin apr\u00e8s les restrictions de la derni\u00e8re p\u00e9riode, et il est propos\u00e9 comme une vitrine importante pour un secteur en croissance ces derniers mois qui ont apport\u00e9 de nombreux changements dans la fa\u00e7on de <a href=\"http:\/\/journal.bontempi.it\/pensee-positive-et-plaisir-de-rester-a-la-maison\/?lang=fr\" target=\"_blank\" rel=\"noopener\">vivre la maison<\/a>. En fait, beaucoup ont ressenti le d\u00e9sir ou le besoin de r\u00e9organiser les environnements domestiques, par exemple en cr\u00e9ant des espaces d\u00e9di\u00e9s au <a href=\"http:\/\/journal.bontempi.it\/le-smart-working-et-lart-de-creer-un-bureau-a-domicile\/?lang=fr\" target=\"_blank\" rel=\"noopener\">travail \u00e0 distance<\/a>, des espaces vert et rendre les maisons de plus en plus accueillantes pour ceux qui y vivent.<\/p>\n\n<p>La visite peut se d\u00e9rouler en toute s\u00e9curit\u00e9 gr\u00e2ce au protocole sanitaire mis en \u0153uvre dans le respect de la l\u00e9gislation en vigueur, dans un espace de plus de 20.000 m\u00e8tres carr\u00e9s, mis en place pour retrouver une nouvelle normalit\u00e9 dans le respect de la distanciation sociale et de toutes les autres mesures qui font d\u00e9sormais partie de la notre vie quotidienne.<\/p>\n<p>Nous vous attendons donc du 26 septembre au 4 octobre sur notre stand (P07) \u00e0 Expocasa 2020.<\/p>\n<p>L&rsquo;acc\u00e8s est gratuit lors de l&rsquo;inscription sur le site www.expocasa.it ou \u00e0 l&rsquo;entr\u00e9e.<\/p>\n<p>&nbsp;<\/p>\n","protected":false},"excerpt":{"rendered":"<p>La saison des \u00e9v\u00e9nements indoor recommence et nous serons pr\u00e9sents dans les espaces de Lingotto Fiere.<\/p>\n","protected":false},"author":0,"featured_media":28235,"comment_status":"closed","ping_status":"closed","sticky":false,"template":"","format":"standard","meta":{"inline_featured_image":false,"footnotes":""},"categories":[5873],"tags":[],"class_list":["post-83533","post","type-post","status-publish","format-standard","has-post-thumbnail","hentry","category-news-fr"],"acf":{"blog_cta":{"tagline":"","title":"","body":"","link_text":"","link":""},"gallery":""},"_links":{"self":[{"href":"https:\/\/www.bontempi.it\/fr\/wp-json\/wp\/v2\/posts\/83533","targetHints":{"allow":["GET"]}}],"collection":[{"href":"https:\/\/www.bontempi.it\/fr\/wp-json\/wp\/v2\/posts"}],"about":[{"href":"https:\/\/www.bontempi.it\/fr\/wp-json\/wp\/v2\/types\/post"}],"replies":[{"embeddable":true,"href":"https:\/\/www.bontempi.it\/fr\/wp-json\/wp\/v2\/comments?post=83533"}],"version-history":[{"count":0,"href":"https:\/\/www.bontempi.it\/fr\/wp-json\/wp\/v2\/posts\/83533\/revisions"}],"wp:featuredmedia":[{"embeddable":true,"href":"https:\/\/www.bontempi.it\/fr\/wp-json\/wp\/v2\/media\/28235"}],"wp:attachment":[{"href":"https:\/\/www.bontempi.it\/fr\/wp-json\/wp\/v2\/media?parent=83533"}],"wp:term":[{"taxonomy":"category","embeddable":true,"href":"https:\/\/www.bontempi.it\/fr\/wp-json\/wp\/v2\/categories?post=83533"},{"taxonomy":"post_tag","embeddable":true,"href":"https:\/\/www.bontempi.it\/fr\/wp-json\/wp\/v2\/tags?post=83533"}],"curies":[{"name":"wp","href":"https:\/\/api.w.org\/{rel}","templated":true}]}}