{"id":83508,"date":"2020-05-08T13:02:37","date_gmt":"2020-05-08T11:02:37","guid":{"rendered":"https:\/\/www.bontempi.it\/taille-de-la-table-exterieure-suggestions-par-type-et-format\/"},"modified":"2022-10-11T16:22:34","modified_gmt":"2022-10-11T14:22:34","slug":"taille-de-la-table-exterieure-suggestions-par-type-et-format","status":"publish","type":"post","link":"https:\/\/www.bontempi.it\/fr\/taille-de-la-table-exterieure-suggestions-par-type-et-format\/","title":{"rendered":"Taille de la table ext\u00e9rieure: suggestions par type et format"},"content":{"rendered":"<p>Il y a une tendance qui ne craint pas le passage des ann\u00e9es, et chaque printemps est r\u00e9affirm\u00e9 avec d\u00e9cision: c&rsquo;est l&rsquo;envie d&rsquo;\u00eatre en plein air en profitant <strong>des espaces ext\u00e9rieurs de la maison<\/strong>, de la terrasse au jardin. Des espaces qui repr\u00e9sentent une v\u00e9ritable extension de la maison, et doivent donc \u00eatre meubl\u00e9s avec le m\u00eame go\u00fbt qui caract\u00e9rise l&rsquo;int\u00e9rieur. Un meuble particuli\u00e8rement important, grand protagoniste des moments d&rsquo;\u00e9t\u00e9 en famille ou entre amis, est la <strong>table d&rsquo;ext\u00e9rieur<\/strong>, \u00e0 choisir avec une attention particuli\u00e8re \u00e0 la forme et aux mat\u00e9riaux. La taille de la table doit s&rsquo;adapter aux habitudes des propri\u00e9taires, ainsi qu&rsquo;\u00e0 l&rsquo;espace disponible, tandis que les mat\u00e9riaux doivent \u00eatre de bonne qualit\u00e9 et r\u00e9sistants aux intemp\u00e9ries et aux agents atmosph\u00e9riques, tout comme l&rsquo;acier pour les tables d&rsquo;ext\u00e9rieur Bontempi.<\/p>\n<figure id=\"attachment_5084\" aria-describedby=\"caption-attachment-5084\" style=\"width: 636px\" class=\"wp-caption aligncenter\"><img loading=\"lazy\" decoding=\"async\" class=\"wp-image-5084 size-full\" src=\"http:\/\/journal.bontempi.it\/wp-content\/uploads\/2019\/07\/sander_out_00-93.jpg\" alt=\"Table fixe Sander et chaises empilables Freak\" width=\"636\" height=\"800\" title=\"\"><figcaption id=\"caption-attachment-5084\" class=\"wp-caption-text\">Table fixe Sander avec structure en acier laqu\u00e9 pour ext\u00e9rieur, plateau en verre et r\u00e9sistant aux rayures. Chaises empilables Freak et tabourets Boss avec structure en acier laqu\u00e9 pour l&rsquo;ext\u00e9rieur et coussins d&rsquo;assise rembourr\u00e9s recouverts de tissu pour l&rsquo;ext\u00e9rieur.<\/figcaption><\/figure>\n<p>Une<strong> table de grande taille comme Sander <\/strong>convient aux espaces tels que les jardins et les <a href=\"http:\/\/journal.bontempi.it\/comment-meubler-une-veranda-ouverte-ou-fermee-pour-lutiliser-au-maximum\/?lang=fr\" target=\"_blank\" rel=\"noopener\">v\u00e9randas ouvertes<\/a>. Avec ses 8 si\u00e8ges, c&rsquo;est la table d&rsquo;ext\u00e9rieur pour les familles nombreuses et pour celles qui aiment recevoir des invit\u00e9s. Le plateau elliptique en cristal exprime l&rsquo;\u00e9l\u00e9gance et la l\u00e9g\u00e8ret\u00e9, mais la variante rectangulaire plus classique est \u00e9galement disponible. Dans les deux versions, la structure centrale en acier laqu\u00e9 pour l&rsquo;ext\u00e9rieur est con\u00e7ue pour ne pas obstruer les si\u00e8ges, et son design moderne ajoute une touche de style qui ne passe pas inaper\u00e7ue &#8211; et qui se refl\u00e8te dans la structure et les motifs g\u00e9om\u00e9triques de la <strong>chaise Freak<\/strong> et du <strong>tabouret Boss<\/strong>, des combinaisons id\u00e9ales pour compl\u00e9ter l&rsquo;ameublement du jardin ou de la v\u00e9randa.<\/p>\n<figure id=\"attachment_5928\" aria-describedby=\"caption-attachment-5928\" style=\"width: 524px\" class=\"wp-caption aligncenter\"><img decoding=\"async\" class=\"wp-image-5928 size-full\" src=\"http:\/\/journal.bontempi.it\/wp-content\/uploads\/2020\/03\/Diesis.jpg\" alt=\" width=\" height=\"600\" title=\"\"><figcaption id=\"caption-attachment-5928\" class=\"wp-caption-text\">Table fixe Diesis avec structure en acier et plateau en verre poli. Chaises Hidra avec structure en polypropyl\u00e8ne.<\/figcaption><\/figure>\n<p>La <strong>taille de la table d&rsquo;ext\u00e9rieur<\/strong> est particuli\u00e8rement importante lorsqu&rsquo;elle est plac\u00e9e dans des espaces tels que la <a href=\"http:\/\/journal.bontempi.it\/table-et-chaises-de-terrasse\/?lang=fr\" target=\"_blank\" rel=\"noopener\">terrasse<\/a> ou la v\u00e9randa ferm\u00e9e. Dans ces cas, il faut faire attention aux proportions pour cr\u00e9er un ensemble harmonieux et garantir une <strong>libert\u00e9 de mouvement<\/strong> maximale. La table Diesis est disponible en trois formats diff\u00e9rents, con\u00e7us pour meubler chaque environnement de la meilleure fa\u00e7on: de la table carr\u00e9e \u00e0 4 places aux deux variantes de la table rectangulaire \u00e0 6 places, plus ou moins large, tandis que la hauteur reste inchang\u00e9e de la table. Pour personnaliser davantage <strong>le mobilier, Bontempi<\/strong> propose de combiner la chaise en polypropyl\u00e8ne Hidra, \u00e0 choisir dans une large gamme de couleurs.<\/p>\n<figure id=\"attachment_5176\" aria-describedby=\"caption-attachment-5176\" style=\"width: 7970px\" class=\"wp-caption aligncenter\"><img loading=\"lazy\" decoding=\"async\" class=\"wp-image-5176 size-full\" src=\"http:\/\/journal.bontempi.it\/wp-content\/uploads\/2019\/07\/VINCENT_20-55M310_GALAXY_34-62_Z006.jpg\" alt=\"Petites tables et tabourets\" width=\"7970\" height=\"5978\" title=\"\"><figcaption id=\"caption-attachment-5176\" class=\"wp-caption-text\">Petites tables avec structure et plateau en acier laqu\u00e9. Tabourets Galaxy avec structure int\u00e9grale en polypropyl\u00e8ne et fibre de verre recyclable.<\/figcaption><\/figure>\n<p>Infine, un\u2019opzione interessante per arredare gli spazi esterni \u00e8 rappresentata da tavolini alti di dimensioni pi\u00f9 ridotte, che possono essere facilmente spostati a seconda delle necessit\u00e0. In questo caso, l\u2019altezza del tavolo suggerisce di abbinare degli sgabelli adeguati. I tavolini possono essere posizionati per creare delle aree dedicate alla conversazione $1, oppure diventare gli alleati ideali per un romantico aperitivo vis \u00e0 vis\u2026<\/p>\n<p>Enfin, une option int\u00e9ressante pour l&rsquo;ameublement des espaces ext\u00e9rieurs est repr\u00e9sent\u00e9e par des tables plus hautes de plus petites dimensions, qui peuvent \u00eatre facilement d\u00e9plac\u00e9es en fonction des besoins. Dans ce cas, la hauteur de la table sugg\u00e8re de combiner des tabourets adaptes. Les tables peuvent \u00eatre positionn\u00e9es pour cr\u00e9er des espaces d\u00e9di\u00e9s \u00e0 la conversation lors d&rsquo;un <a href=\"http:\/\/journal.bontempi.it\/comment-organiser-un-cocktail-en-plein-air\/?lang=fr\" target=\"_blank\" rel=\"noopener\">cocktail<\/a>, ou devenir les alli\u00e9s id\u00e9aux pour un ap\u00e9ritif romantique vis \u00e0 vis&#8230;<\/p>\n","protected":false},"excerpt":{"rendered":"<p>Come scegliere il tavolo outdoor ideale per il giardino, la veranda o il terrazzo con i consigli di Bontempi.<\/p>\n","protected":false},"author":0,"featured_media":28179,"comment_status":"closed","ping_status":"closed","sticky":false,"template":"","format":"standard","meta":{"inline_featured_image":false,"footnotes":""},"categories":[5870],"tags":[],"class_list":["post-83508","post","type-post","status-publish","format-standard","has-post-thumbnail","hentry","category-les-propositions-bontempi-casa"],"acf":{"blog_cta":{"tagline":"","title":"","body":"","link_text":"","link":""},"gallery":null},"_links":{"self":[{"href":"https:\/\/www.bontempi.it\/fr\/wp-json\/wp\/v2\/posts\/83508","targetHints":{"allow":["GET"]}}],"collection":[{"href":"https:\/\/www.bontempi.it\/fr\/wp-json\/wp\/v2\/posts"}],"about":[{"href":"https:\/\/www.bontempi.it\/fr\/wp-json\/wp\/v2\/types\/post"}],"replies":[{"embeddable":true,"href":"https:\/\/www.bontempi.it\/fr\/wp-json\/wp\/v2\/comments?post=83508"}],"version-history":[{"count":0,"href":"https:\/\/www.bontempi.it\/fr\/wp-json\/wp\/v2\/posts\/83508\/revisions"}],"wp:featuredmedia":[{"embeddable":true,"href":"https:\/\/www.bontempi.it\/fr\/wp-json\/wp\/v2\/media\/28179"}],"wp:attachment":[{"href":"https:\/\/www.bontempi.it\/fr\/wp-json\/wp\/v2\/media?parent=83508"}],"wp:term":[{"taxonomy":"category","embeddable":true,"href":"https:\/\/www.bontempi.it\/fr\/wp-json\/wp\/v2\/categories?post=83508"},{"taxonomy":"post_tag","embeddable":true,"href":"https:\/\/www.bontempi.it\/fr\/wp-json\/wp\/v2\/tags?post=83508"}],"curies":[{"name":"wp","href":"https:\/\/api.w.org\/{rel}","templated":true}]}}