{"id":83504,"date":"2020-03-13T10:55:51","date_gmt":"2020-03-13T09:55:51","guid":{"rendered":"https:\/\/www.bontempi.it\/table-et-chaises-de-terrasse\/"},"modified":"2022-10-11T16:22:11","modified_gmt":"2022-10-11T14:22:11","slug":"table-et-chaises-de-terrasse","status":"publish","type":"post","link":"https:\/\/www.bontempi.it\/fr\/table-et-chaises-de-terrasse-se-preparer-pour-lete\/","title":{"rendered":"Table et chaises de terrasse: se pr\u00e9parer pour l&rsquo;\u00e9t\u00e9"},"content":{"rendered":"<p>Profitez du beau temps sur la terrasse, quelle passion! La saison estivale arrive, il est temps de pr\u00e9parer l&rsquo;espace ext\u00e9rieur pour les moments de d\u00e9tente qui nous attendent. Juste quelques pr\u00e9cautions dans le choix de la <strong>table et des chaises pour la terrasse<\/strong> et vous avez termin\u00e9, nous aurons l&rsquo;environnement id\u00e9al pour un \u00e9t\u00e9 magnifique. La premi\u00e8re chose \u00e0 faire est d&rsquo;\u00e9valuer l&rsquo;espace dont nous disposons et de d\u00e9cider comment nous voulons l&rsquo;utiliser, puis de choisir le mobilier en cons\u00e9quence. D\u00e9jeuners en famille, cocktails entre amis, lectures relaxantes &#8230; Comment allez-vous passer votre \u00e9t\u00e9 sur la terrasse?<\/p>\n<figure id=\"attachment_5928\" aria-describedby=\"caption-attachment-5928\" style=\"width: 524px\" class=\"wp-caption aligncenter\"><img loading=\"lazy\" decoding=\"async\" class=\"wp-image-5928 size-full\" src=\"http:\/\/journal.bontempi.it\/wp-content\/uploads\/2020\/03\/Diesis.jpg\" alt=\"Table et chaises de terrasse\" width=\"524\" height=\"600\" title=\"\"><figcaption id=\"caption-attachment-5928\" class=\"wp-caption-text\">Table fixe Diesis avec structure en acier et plateau en verre poli. Chaises Hidra avec structure en polypropyl\u00e8ne.<\/figcaption><\/figure>\n<p>Ceux qui aiment l&rsquo;id\u00e9e de manger \u00e0 l&rsquo;ext\u00e9rieur seront heureux de cr\u00e9er un coin repas sur leur terrasse, en choisissant parmi les tables et les chaises d&rsquo;ext\u00e9rieur les plus adaptes \u00e0 cet effet. Une <strong>table de terrasse<\/strong> de ce type est Diesis: l\u00e9g\u00e8re et facile \u00e0 d\u00e9placer si necessaire, elle poss\u00e8de des lignes essentielles pour meubler l&rsquo;environnement avec une \u00e9l\u00e9gance sobre et optimiser l&rsquo;utilisation des espaces. Une <strong>chaise d&rsquo;ext\u00e9rieur<\/strong> parfaitement assortie est Hidra en polypropyl\u00e8ne, disponible dans des tons neutres ou plus vibrants, du bleu poudre au jaune moutarde pour cr\u00e9er une ambiance joyeuse et amusante. Compl\u00e9tez le tout avec un \u00e9quipement d\u00e9clin\u00e9 dans des couleurs estivales, en rempla\u00e7ant peut-\u00eatre la nappe classique par des coureurs de lin color\u00e9s modernes, et la saison des repas en plein air peut commencer.<\/p>\n<figure id=\"attachment_5040\" aria-describedby=\"caption-attachment-5040\" style=\"width: 770px\" class=\"wp-caption aligncenter\"><img loading=\"lazy\" decoding=\"async\" class=\"wp-image-5040 size-large\" src=\"http:\/\/journal.bontempi.it\/wp-content\/uploads\/2019\/07\/vincent-e-galaxy.jpg\" alt=\"Tabouret empilable Galaxy\" width=\"770\" height=\"589\" title=\"\"><figcaption id=\"caption-attachment-5040\" class=\"wp-caption-text\">Tabouret empilable Galaxy avec structure int\u00e9grale en polypropyl\u00e8ne et fibre de verre recyclable.<\/figcaption><\/figure>\n<p>Pr\u00e9f\u00e9rez-vous la salle \u00e0 manger traditionnelle et la terrasse d\u00e9di\u00e9e \u00e0 une convivialit\u00e9 diff\u00e9rente, peut-\u00eatre au nom d&rsquo;ap\u00e9ritifs ou de boissons rafra\u00eechissantes? Pour organiser un cocktail parfait, vous n&rsquo;avez pas besoin d&rsquo;un grand ensemble de tables, mais de tables pour pouvoir placer des verres et des soucoupes au bon moment et des si\u00e8ges pour cr\u00e9er des espaces de conversation et de d\u00e9tente, en prenant soin de laisser de l&rsquo;espace et de la libert\u00e9 de mouvement aux invit\u00e9s. Misez sur des tables hautes autour desquelles placer des <strong>chaises de terrasse<\/strong> ou des tabourets pratiques et color\u00e9s comme Galaxy, l&rsquo;un des designs les plus embl\u00e9matiques et reconnaissables de Bontempi. Le motif g\u00e9om\u00e9trique du dossier et ses couleurs captivantes sont parfaits pour les meubles d&rsquo;ext\u00e9rieur en \u00e9t\u00e9, de plus il peut \u00eatre facilement empil\u00e9 et r\u00e9siste \u00e0 l&rsquo;eau et aux intemp\u00e9ries.<\/p>\n<figure id=\"attachment_5932\" aria-describedby=\"caption-attachment-5932\" style=\"width: 449px\" class=\"wp-caption aligncenter\"><img loading=\"lazy\" decoding=\"async\" class=\"wp-image-5932 size-full\" src=\"http:\/\/journal.bontempi.it\/wp-content\/uploads\/2020\/03\/Gipsy.jpg\" alt=\"Chaise empilable Gipsy\" width=\"449\" height=\"600\" title=\"\"><figcaption id=\"caption-attachment-5932\" class=\"wp-caption-text\">Chaise empilable Gipsy avec accoudoirs avec structure int\u00e9gr\u00e9e en polypropyl\u00e8ne et fibre de verre recyclable. Tables de magazine de mod\u00e8le en acier travaill\u00e9.<\/figcaption><\/figure>\n<p>Enfin, n&rsquo;oubliez pas de vous tailler quelques instants pour vous, de vous consacrer \u00e0 vos lectures pr\u00e9f\u00e9r\u00e9es ou tout simplement \u00e0 une pause d\u00e9tente. La <strong>chaise d&rsquo;ext\u00e9rieur<\/strong> Gipsy vous accueillera dans ses bras et son dossier confortable vous invitera \u00e0 la d\u00e9tente. Compl\u00e9tez votre coin avec Pattern, \u00e0 utiliser comme table basse pratique sur laquelle placer des boissons aux fruits et comme porte-revues pour ne jamais manquer de l&rsquo;inspiration.<\/p>\n","protected":false},"excerpt":{"rendered":"<p>Si vous r\u00eavez d\u00e9j\u00e0 de profiter de l&rsquo;\u00e9t\u00e9 en plein air, choisissez les tables et chaises de terrasse parfaites pour vous<\/p>\n","protected":false},"author":0,"featured_media":28160,"comment_status":"closed","ping_status":"closed","sticky":false,"template":"","format":"standard","meta":{"inline_featured_image":false,"footnotes":""},"categories":[5870],"tags":[],"class_list":["post-83504","post","type-post","status-publish","format-standard","has-post-thumbnail","hentry","category-les-propositions-bontempi-casa"],"acf":{"blog_cta":{"tagline":"","title":"","body":"","link_text":"","link":""},"gallery":null},"_links":{"self":[{"href":"https:\/\/www.bontempi.it\/fr\/wp-json\/wp\/v2\/posts\/83504","targetHints":{"allow":["GET"]}}],"collection":[{"href":"https:\/\/www.bontempi.it\/fr\/wp-json\/wp\/v2\/posts"}],"about":[{"href":"https:\/\/www.bontempi.it\/fr\/wp-json\/wp\/v2\/types\/post"}],"replies":[{"embeddable":true,"href":"https:\/\/www.bontempi.it\/fr\/wp-json\/wp\/v2\/comments?post=83504"}],"version-history":[{"count":0,"href":"https:\/\/www.bontempi.it\/fr\/wp-json\/wp\/v2\/posts\/83504\/revisions"}],"wp:featuredmedia":[{"embeddable":true,"href":"https:\/\/www.bontempi.it\/fr\/wp-json\/wp\/v2\/media\/28160"}],"wp:attachment":[{"href":"https:\/\/www.bontempi.it\/fr\/wp-json\/wp\/v2\/media?parent=83504"}],"wp:term":[{"taxonomy":"category","embeddable":true,"href":"https:\/\/www.bontempi.it\/fr\/wp-json\/wp\/v2\/categories?post=83504"},{"taxonomy":"post_tag","embeddable":true,"href":"https:\/\/www.bontempi.it\/fr\/wp-json\/wp\/v2\/tags?post=83504"}],"curies":[{"name":"wp","href":"https:\/\/api.w.org\/{rel}","templated":true}]}}