{"id":83474,"date":"2019-05-15T13:06:21","date_gmt":"2019-05-15T11:06:21","guid":{"rendered":"https:\/\/www.bontempi.it\/rendez-vous-a-milan-avec-la-10eme-edition-de-cibo-a-regola-darte\/"},"modified":"2022-10-11T16:19:12","modified_gmt":"2022-10-11T14:19:12","slug":"rendez-vous-a-milan-avec-la-10eme-edition-de-cibo-a-regola-darte","status":"publish","type":"post","link":"https:\/\/www.bontempi.it\/fr\/rendez-vous-a-milan-avec-la-10eme-edition-de-cibo-a-regola-darte\/","title":{"rendered":"Rendez-vous \u00e0 Milan avec la 10\u00e8me \u00e9dition de Cibo a Regola d\u2019Arte"},"content":{"rendered":"<p><strong><em>Cibo a Regola d\u2019Arte, <\/em><\/strong>l\u2019\u00e9v\u00e9nement du Corriere della Sera d\u00e9di\u00e9 \u00e0 la <strong>culture gastronomique<\/strong>, devient en 2019 un v\u00e9ritable festival avec un programme tr\u00e8s riche d\u2019entretiens, de r\u00e9unions, de d\u00e9gustations, de cours de cuisine et d\u2019ateliers pour les enfants. Du 16 au 19 mai, dans les espaces de la <strong>Fabbrica del Vapore<\/strong> en Via Procaccini 4 \u00e0 Milan, de nombreux visages connus se succ\u00e9deront, notamment des chefs, des artistes et des experts des domaines de la science et de la communication.<\/p>\n<p><strong>Bontempi est le partenaire design du Festival<\/strong>: les meubles des diff\u00e9rentes zones th\u00e9matiques seront sign\u00e9s par la marque de Ancona. Partant de la sc\u00e8ne d\u00e9di\u00e9e aux <strong>Masterclass<\/strong>, des chefs \u00e9toil\u00e9s, des ma\u00eetres et des experts en cuisine c\u00f4toient de grands invit\u00e9s et des journalistes de performance qui associent plusieurs langues: le journalisme, le divertissement et la cuisine. Ici, on utilisera la table Millennium, avec structure en acier laqu\u00e9 et plateau en ch\u00eane, et les chaises Mood, en ch\u00eane et coque en tissu dans les variantes avec et sans accoudoirs.<\/p>\n<p><img decoding=\"async\" class=\"aligncenter size-full wp-image-4730\" src=\"http:\/\/journal.bontempi.it\/wp-content\/uploads\/2019\/05\/MILLENNIUM_20-39M310_L006ALFA_40-55L006_L087_TR517.jpg\" alt=\" width=\" height=\"4080\" title=\"\"><\/p>\n<p>La <strong>Piazza delle Attivazioni<\/strong>, avec son riche programme d&rsquo;activit\u00e9s, de d\u00e9gustations et de discussions, verra ses invit\u00e9s raconter des produits et des exp\u00e9riences, des histoires et des entreprises, s&rsquo;installer sur des chaises Margot \u00e0 structure en noyer massif et en cuir gris clair, assorti aux tables basses en acier laqu\u00e9 Kito et aux tabourets Galaxy aux couleurs jaune moutarde et anthracite<\/p>\n<p><img decoding=\"async\" class=\"aligncenter size-full wp-image-4734\" src=\"http:\/\/journal.bontempi.it\/wp-content\/uploads\/2019\/05\/KITO_06-35M325.jpg\" alt=\" width=\" height=\"5616\" title=\"\"><\/p>\n<p>Parmi les nouveaut\u00e9s de cette \u00e9dition de <em>Cibo a Regola d\u2019Arte<\/em>, le <strong>Laboratorio di Idee<\/strong> (atelier des id\u00e9es) sera un apr\u00e8s-midi o\u00f9 de grands experts et des r\u00e9volutionnaires pourront raconter, chacun en 15 minutes, les projets qui construisent l\u2019avenir de la nourriture. La structure sera compos\u00e9e de tabourets rembourr\u00e9s Uchi et de tabourets Galaxy en caramel, bleu poudre, gris clair et blanc.<\/p>\n<p><img decoding=\"async\" class=\"aligncenter size-full wp-image-4739\" src=\"http:\/\/journal.bontempi.it\/wp-content\/uploads\/2019\/05\/sgabello-galaxy.jpg\" alt=\" width=\" height=\"6345\" title=\"\"><\/p>\n<p>Nous invitons nos clients et tous les amateurs de d\u00e9coration d&rsquo;int\u00e9rieur \u00e0 participer au Festival et \u00e0 red\u00e9couvrir la qualit\u00e9 et le go\u00fbt du mobilier Bontempi!<\/p>\n","protected":false},"excerpt":{"rendered":"<p>Bontempi devient partenaire officiel pour le design du projet Cibo a Regola d\u2019Arte, un salon gastronomique organis\u00e9 par le Corriere della Sera \u00e0 Milan.<\/p>\n","protected":false},"author":0,"featured_media":28019,"comment_status":"closed","ping_status":"closed","sticky":false,"template":"","format":"standard","meta":{"inline_featured_image":false,"footnotes":""},"categories":[5873],"tags":[],"class_list":["post-83474","post","type-post","status-publish","format-standard","has-post-thumbnail","hentry","category-news-fr"],"acf":{"blog_cta":{"tagline":"","title":"","body":"","link_text":"","link":""},"gallery":null},"_links":{"self":[{"href":"https:\/\/www.bontempi.it\/fr\/wp-json\/wp\/v2\/posts\/83474","targetHints":{"allow":["GET"]}}],"collection":[{"href":"https:\/\/www.bontempi.it\/fr\/wp-json\/wp\/v2\/posts"}],"about":[{"href":"https:\/\/www.bontempi.it\/fr\/wp-json\/wp\/v2\/types\/post"}],"replies":[{"embeddable":true,"href":"https:\/\/www.bontempi.it\/fr\/wp-json\/wp\/v2\/comments?post=83474"}],"version-history":[{"count":0,"href":"https:\/\/www.bontempi.it\/fr\/wp-json\/wp\/v2\/posts\/83474\/revisions"}],"wp:featuredmedia":[{"embeddable":true,"href":"https:\/\/www.bontempi.it\/fr\/wp-json\/wp\/v2\/media\/28019"}],"wp:attachment":[{"href":"https:\/\/www.bontempi.it\/fr\/wp-json\/wp\/v2\/media?parent=83474"}],"wp:term":[{"taxonomy":"category","embeddable":true,"href":"https:\/\/www.bontempi.it\/fr\/wp-json\/wp\/v2\/categories?post=83474"},{"taxonomy":"post_tag","embeddable":true,"href":"https:\/\/www.bontempi.it\/fr\/wp-json\/wp\/v2\/tags?post=83474"}],"curies":[{"name":"wp","href":"https:\/\/api.w.org\/{rel}","templated":true}]}}