{"id":83456,"date":"2019-02-11T08:56:21","date_gmt":"2019-02-11T07:56:21","guid":{"rendered":"https:\/\/www.bontempi.it\/carnaval-dans-la-famille\/"},"modified":"2022-10-11T16:17:32","modified_gmt":"2022-10-11T14:17:32","slug":"carnaval-dans-la-famille","status":"publish","type":"post","link":"https:\/\/www.bontempi.it\/fr\/carnaval-dans-la-famille\/","title":{"rendered":"Carnaval dans la famille"},"content":{"rendered":"<p><em>Marco<\/em><\/p>\n<p><strong>Son chapeau d\u2019Arlequin repose sur la table du salon, celle avec des jambes qui ressemblent \u00e0 des \u00e9p\u00e9es entrelac\u00e9es. <\/strong>Le p\u00e8re de Marco l&rsquo;avait achet\u00e9 \u00e0 l&rsquo;un de ses clients, il travaille dans le monde de l&rsquo;art. Le chapeau d&rsquo;Arlequin est l\u00e0, au milieu de la table, juste \u00e0 c\u00f4t\u00e9 des biscuits au beurre et du jus de fruits. \u00ab\u00a0quelle joie, le carnaval est enfin arriv\u00e9! Ma m\u00e8re le sait bien, c&rsquo;est ma f\u00eate pr\u00e9f\u00e9r\u00e9e \u00ab\u00a0, pense le petit Marco, \u00e2g\u00e9 de 8 ans. Sa grand-m\u00e8re a lui cousu un costume sur mesure qui int\u00e8gre celui du masque traditionnel.<\/p>\n<p>\u00ab\u00a0Ah, c&rsquo;est vraiment bien pour moi! J&rsquo;ai h\u00e2te de voir le reste du costume. Ma grand-m\u00e8re sait vraiment bien coudre, broder et raccommoder. Qui sait ce que les autres enfants porteront \u00e0 la f\u00eate &#8230; Je suis curieux. Le professeur \u00e0 l&rsquo;\u00e9cole a fait une le\u00e7on dans laquelle elle a expliqu\u00e9 tous les masques traditionnels du carnaval italien. Peut-\u00eatre que Marco sera Pantalone et que Lidia sera Colombine &#8230; Je sais que ces deux-l\u00e0 s\u2019aiment, je l\u2019ai compris. Ce que je ne comprends pas, c\u2019est que ma s\u0153ur Giorgia d\u00e9teste le carnaval. Chaque ann\u00e9e, elle se plaint de plus en plus, ne veut pas se d\u00e9guiser, ne veut pas aller \u00e0 une f\u00eate ou sortir pour voir les chars de carnaval \u00ab\u00a0&#8230;<\/p>\n<p>&nbsp;<\/p>\n<p>&nbsp;<\/p>\n<p><img decoding=\"async\" class=\"aligncenter size-full wp-image-4201\" src=\"http:\/\/journal.bontempi.it\/wp-content\/uploads\/2019\/02\/barone.jpg\" alt=\" width=\" height=\"800\" title=\"\"><\/p>\n<p><em>Barone, table ronde extensible, structure en acier laqu\u00e9 argent naturel et plateau en verre anti-rayures anthracite &#8211; Chaise Eva<\/em><\/p>\n<p><em>Giorgia<\/em><\/p>\n<p>Giorgia est une fille de 17 ans et elle ne s&rsquo;int\u00e9resse pas vraiment au carnaval. \u00ab\u00a0Qu&rsquo;est-ce qu\u2019il y aura d\u2019amusant en se d\u00e9guiser et jeter des confettis? Ils se coincent dans les pulls et ils me d\u00e9rangent. J\u2019esp\u00e8re que les miens, au moins cette ann\u00e9e, ne veulent pas nous emmener \u00e0 la f\u00eate habituelle avec tous ces enfants\u00a0\u00bb. Les parents des deux fr\u00e8res insistent chaque ann\u00e9e pour passer le carnaval ensemble, se rendre aux f\u00eates masqu\u00e9es et assister au d\u00e9fil\u00e9 des chars de la ville. <strong>Ils disent que c&rsquo;est une occasion d&rsquo;\u00eatre ensemble et de renforcer les liaisons de la famille.<\/strong> \u00ab\u00a0En fait, avec le travail \u00e0 l&rsquo;\u00e9tranger de papa et maman infirmi\u00e8re \u00e0 l&rsquo;h\u00f4pital, il est souvent difficile de passer du temps ensemble\u00a0\u00bb, pense Giorgia, qui cache un peu de nostalgie du pass\u00e9.<\/p>\n<p>Michele continue de courir avnat et arri\u00e8re dans le salon avec ce chapeau d\u2019Arlequin, il est tout excit\u00e9. \u00ab\u00a0Quand j&rsquo;avais son \u00e2ge, ma grand-m\u00e8re m&rsquo;a offert ses chapeaux color\u00e9s et ses \u00e9charpes faites \u00e0 la main par elle et je les aimais tellement &#8230; Maintenant, les seules couleurs que j&rsquo;aime utiliser sont celles de la chaise de ma chambre. Ah, enfin un peu d&rsquo;intimit\u00e9 \u00ab\u00a0&#8211; Giorgia se laisse sombrer dans son confortable <strong>fauteuil<\/strong> orange, se d\u00e9tend quelques minutes et commence \u00e0 \u00e9tudier.<\/p>\n<p><em>\u00a0<img decoding=\"async\" class=\"aligncenter size-full wp-image-4205\" src=\"http:\/\/journal.bontempi.it\/wp-content\/uploads\/2019\/02\/NATA_40-76M327_TVE08ZAC_06-32M327_L009.jpg\" alt=\" width=\" height=\"1454\" title=\"\"><\/em><\/p>\n<p><em>Chaise Nata, structure en acier laqu\u00e9 noir profond et coque en velours jaune &#8211; Bureau Zac<\/em><\/p>\n<p><em>Elena<\/em><\/p>\n<p>Le post \u00e0 l\u2019h\u00f4pital est sur le point de se terminer. Elena r\u00e9organise ses pens\u00e9es et fait sa liste de choses \u00e0 faire: \u00ab\u00a0Je dois aller chercher le g\u00e2teau \u00e0 th\u00e8me Arlequin dans une p\u00e2tisserie, prendre le costume d\u00e8s ma m\u00e8re, <strong>acheter des confettis et des banderoles<\/strong>. Quelle journ\u00e9e fatigante, je ne peux pas attendre pour rentrer \u00e0 la maison, m\u2019asseyer dans mon <strong>fauteuil<\/strong> et lire mon livre. Qui sait si Massi sera de retour \u00e0 temps pour le d\u00e9fil\u00e9 des chars &#8230; Marco a tellement envie de les voir\u00a0\u00bb.<\/p>\n<p>&nbsp;<\/p>\n<p><img decoding=\"async\" class=\"aligncenter size-full wp-image-4209\" src=\"http:\/\/journal.bontempi.it\/wp-content\/uploads\/2019\/02\/daya.jpg\" alt=\" width=\" height=\"800\" title=\"\"><\/p>\n<p><em>Fauteuil Daya avec pi\u00e9tement central pivotant en acier chrom\u00e9, coque rembourr\u00e9e en cuir \u00e9cologique blanc &#8211; Table Qui<\/em><\/p>\n<p><em>Massimiliano<\/em><\/p>\n<p>\u00ab\u00a0Merci beaucoup d&rsquo;\u00eatre venu, ce fut un plaisir de vous rencontrer. On se voit la semaine prochaine pour plus de d\u00e9tails \u00ab\u00a0. La rencontre avec les nouveaux clients est termin\u00e9e. \u00ab\u00a0Heureusement, m\u00eame ce projet a port\u00e9 ses fruits, tout va bien au bureau. J&rsquo;aimerais pouvoir en dire autant de ma vie priv\u00e9e \u00ab\u00a0. Massimiliano remarque par la fen\u00eatre les affiches de carnaval accroch\u00e9es aux murs du quartier. \u00ab\u00a0Aujourd&rsquo;hui, je dois rentrer \u00e0 la maison \u00e0 temps pour la f\u00eate du carnaval, je l&rsquo;ai promis aux gar\u00e7ons\u00a0\u00bb.<\/p>\n<p>Il est temps d&rsquo;y aller. \u00ab\u00a0Mais o\u00f9 sont les cl\u00e9s de la voiture? Ah les voil\u00e0, l\u00e0 sur la table. Maintenant que j&rsquo;y pense, <strong>c&rsquo;est un bel objet de design, cette table basse, dans un style Bauhaus parfait<\/strong>. Cette ann\u00e9e marque le centenaire de l&rsquo;\u00e9cole Bauhaus, je devrais proposer une id\u00e9e pour la publicit\u00e9 de ce client &#8230; Mais j&rsquo;y penserai demain \u00ab\u00a0. Massimiliano ferme la porte vitr\u00e9e du bureau derri\u00e8re lui.<\/p>\n<p>&nbsp;<\/p>\n<p><img decoding=\"async\" class=\"aligncenter size-full wp-image-4225\" src=\"http:\/\/journal.bontempi.it\/wp-content\/uploads\/2019\/02\/hip-hop.jpg\" alt=\" width=\" height=\"782\" title=\"\"><\/p>\n<p><em>Tables basses Hip Hop, structure en acier laqu\u00e9 sable et plateau en cristal tress\u00e9 laqu\u00e9<\/em><\/p>\n<p>Il est 16h et il est temps de se pr\u00e9parer pour la f\u00eate du carnaval, mais les parents de Michele et Giorgia semblent \u00eatre en retard. L&rsquo;enfant est impatient, la soeur essaie de le rassurer, mais entre temps la nuit tombe et il n&rsquo;y a pas d&rsquo;ombre de la f\u00eate de carnaval. <strong>La lumi\u00e8re du coucher de soleil entre doucement par la grande fen\u00eatre du salon<\/strong>. Le mobilier de la maison est moderne, de design. Sur le plus grand mur se trouve une grande biblioth\u00e8que avec des \u00e9tag\u00e8res en bois et en cuir. \u00c0 la maison, pour le moment, que du silence.<\/p>\n<p>&nbsp;<\/p>\n<p>&nbsp;<\/p>\n<p><img decoding=\"async\" class=\"aligncenter size-full wp-image-4221\" src=\"http:\/\/journal.bontempi.it\/wp-content\/uploads\/2019\/02\/LEXINGTON_RIPIANO_16-20CM001.jpg\" alt=\" width=\" height=\"1320\" title=\"\"><\/p>\n<p><a href=\"http:\/\/journal.bontempi.it\/wp-content\/uploads\/2019\/02\/LEXINGTON_RIPIANO_16-20CM001-1.tif\" target=\"_blank\" rel=\"noopener\"><img decoding=\"async\" class=\"aligncenter size-full wp-image-4217\" src=\"http:\/\/journal.bontempi.it\/wp-content\/uploads\/2019\/02\/LEXINGTON_RIPIANO_16-20CM001-1.tif\" alt=\"\" title=\"\"><\/a><\/p>\n<p><a href=\"http:\/\/journal.bontempi.it\/wp-content\/uploads\/2019\/02\/LEXINGTON_RIPIANO_16-20CM001.tif\" target=\"_blank\" rel=\"noopener\"><img decoding=\"async\" class=\"aligncenter size-full wp-image-4213\" src=\"http:\/\/journal.bontempi.it\/wp-content\/uploads\/2019\/02\/LEXINGTON_RIPIANO_16-20CM001.tif\" alt=\"\" title=\"\"><\/a><\/p>\n<p><em>Biblioth\u00e8que Lexington, structure en acier laqu\u00e9 et dessus en bois, cristal et cuir.<\/em><\/p>\n<p>Il est maintenant l&rsquo;heure du d\u00eener, quand Elena et Massimiliano entrent ensemble dans la maison. \u00ab\u00a0Mais o\u00f9 \u00e9tiez-vous?\u00a0\u00bb, demande la fille qui fronce les sourcils. \u00ab\u00a0Excuse-nous ch\u00e9rie, j&rsquo;ai \u00e9t\u00e9 retenue \u00e0 l&rsquo;h\u00f4pital et votre p\u00e8re a re\u00e7u un appel urgent d&rsquo;un client, mais &#8230;\u00a0\u00bb. La jeune m\u00e8re ne peut pas finir sa phrase lorsque le petit Marco jaillit de sa chambre avec un air triste. Il est convaincu qu&rsquo;il ne reste plus de temps pour c\u00e9l\u00e9brer le carnaval. \u00ab\u00a0Nous avons pens\u00e9 que ce serait bien de faire un carnaval alternatif, et au lieu de sortir, de c\u00e9l\u00e9brer le tout ensemble \u00e0 la maison, avec un bon d\u00eener et pourquoi pas, m\u00eame les banderoles\u00a0\u00bb, le p\u00e8re lui sourit, r\u00e9v\u00e9lant un \u00e9norme sac de d\u00e9corations color\u00e9es de carnaval.<\/p>\n<p>Ainsi, ce soir-l\u00e0, au lieu d&rsquo;aller voir les chars, toute la famille reste \u00e0 la maison. Ils sont tous dans la cuisine, cette fois c&rsquo;est la lumi\u00e8re des deux lustres, l&rsquo;un blanc et l&rsquo;autre noir coordonn\u00e9, pour \u00e9clairer la pi\u00e8ce. \u00ab\u00a0Alors, qu&rsquo;en pensez-vous? Faisons-nous ce g\u00e2teau ensemble? \u00ab\u00a0: Elena ouvre le panier et il y a tous les ingr\u00e9dients pour pr\u00e9parer un beignet de carnaval, des bonbons et des biscuits traditionnels. \u00ab\u00a0Beaucoup mieux que les g\u00e2teaux qu\u2019on ach\u00e8te\u00a0\u00bb, dit l&rsquo;enthousiaste petite Marco. M\u00eame Giorgia semble s&rsquo;amuser, elle doit admettre qu&rsquo;elle est d&rsquo;accord avec ses parents cette fois-ci: <strong>passer du temps avec sa famille marche pour tous les \u00e2ges. Et les f\u00eates, comme le carnaval, ne sont que des occasions de le faire plus souvent, malgr\u00e9 les engagements quotidiens.<\/strong><\/p>\n<p><img decoding=\"async\" class=\"aligncenter size-full wp-image-4229\" src=\"http:\/\/journal.bontempi.it\/wp-content\/uploads\/2019\/02\/GLORIA_07-84M327GLORIA_07-84M306.jpg\" alt=\" width=\" height=\"1354\" title=\"\"><\/p>\n<p><em>Gloria, lampe \u00e0 suspension en acier laqu\u00e9 <\/em><\/p>\n<p>Avec l&rsquo;arriv\u00e9e des grands-parents, la famille est tous rassembl\u00e9s. <strong>Un petit Arlequin court dans une maison joyeuse, jetant des banderoles de papier l\u00e9ger<\/strong>. Gloria porte un masque de la tradition v\u00e9nitienne, tandis qu&rsquo;Elena et Massimiliano ont les visages peints par leur fille qui, apr\u00e8s tout, adore les couleurs vives du maquillage. Le d\u00eener passe dans la s\u00e9r\u00e9nit\u00e9 et, bien que cette ann\u00e9e, les chars typiques qui d\u00e9filent dans la ville ne les aient pas vues, il s&rsquo;agit sans aucun doute de la plus belle f\u00eate de carnaval jamais organis\u00e9e pour tous les membres de la famille.<\/p>\n<figure id=\"attachment_4233\" aria-describedby=\"caption-attachment-4233\" style=\"width: 692px\" class=\"wp-caption aligncenter\"><img decoding=\"async\" class=\"size-full wp-image-4233\" src=\"http:\/\/journal.bontempi.it\/wp-content\/uploads\/2019\/02\/cake.jpg\" alt=\" width=\" height=\"519\" title=\"\"><figcaption id=\"caption-attachment-4233\" class=\"wp-caption-text\">Unsplash<\/figcaption><\/figure>\n","protected":false},"excerpt":{"rendered":"<p>La f\u00eate de Carnaval est un v\u00e9ritable rituel pour certains enfants, mais il y a encore plus de charme si les festivit\u00e9s se d\u00e9roulent en famille et entre les murs de la Maison.<\/p>\n","protected":false},"author":0,"featured_media":27959,"comment_status":"closed","ping_status":"closed","sticky":false,"template":"","format":"standard","meta":{"inline_featured_image":false,"footnotes":""},"categories":[5867,5869],"tags":[],"class_list":["post-83456","post","type-post","status-publish","format-standard","has-post-thumbnail","hentry","category-stories-fr","category-living-stories-fr"],"acf":{"blog_cta":{"tagline":"","title":"","body":"","link_text":"","link":""},"gallery":null},"_links":{"self":[{"href":"https:\/\/www.bontempi.it\/fr\/wp-json\/wp\/v2\/posts\/83456","targetHints":{"allow":["GET"]}}],"collection":[{"href":"https:\/\/www.bontempi.it\/fr\/wp-json\/wp\/v2\/posts"}],"about":[{"href":"https:\/\/www.bontempi.it\/fr\/wp-json\/wp\/v2\/types\/post"}],"replies":[{"embeddable":true,"href":"https:\/\/www.bontempi.it\/fr\/wp-json\/wp\/v2\/comments?post=83456"}],"version-history":[{"count":0,"href":"https:\/\/www.bontempi.it\/fr\/wp-json\/wp\/v2\/posts\/83456\/revisions"}],"wp:featuredmedia":[{"embeddable":true,"href":"https:\/\/www.bontempi.it\/fr\/wp-json\/wp\/v2\/media\/27959"}],"wp:attachment":[{"href":"https:\/\/www.bontempi.it\/fr\/wp-json\/wp\/v2\/media?parent=83456"}],"wp:term":[{"taxonomy":"category","embeddable":true,"href":"https:\/\/www.bontempi.it\/fr\/wp-json\/wp\/v2\/categories?post=83456"},{"taxonomy":"post_tag","embeddable":true,"href":"https:\/\/www.bontempi.it\/fr\/wp-json\/wp\/v2\/tags?post=83456"}],"curies":[{"name":"wp","href":"https:\/\/api.w.org\/{rel}","templated":true}]}}