{"id":83451,"date":"2019-01-09T08:30:30","date_gmt":"2019-01-09T07:30:30","guid":{"rendered":"https:\/\/www.bontempi.it\/expositions-et-foires-dart-et-de-design-a-voir-en-2019\/"},"modified":"2022-10-11T16:17:03","modified_gmt":"2022-10-11T14:17:03","slug":"expositions-et-foires-dart-et-de-design-a-voir-en-2019","status":"publish","type":"post","link":"https:\/\/www.bontempi.it\/fr\/expositions-et-foires-dart-et-de-design-a-voir-en-2019\/","title":{"rendered":"Expositions et foires d&rsquo;art et de design \u00e0 voir en 2019"},"content":{"rendered":"<p>Le d\u00e9but d&rsquo;une nouvelle ann\u00e9e co\u00efncide toujours avec une liste de bonnes intentions. Parmi ceux-ci, vous ne pouvez pas manquer la liste <strong>des expositions d&rsquo;art et de design \u00e0 voir en 2019<\/strong>. De Milan, o\u00f9 nous jouons \u00e0 la maison avec la foire de toutes les foires du secteur &#8211; le Salone del Mobile &#8211; au spectaculaire MET de New York, en passant par une Liverpool charmante et &#8230;<\/p>\n<p>Agenda \u00e0 la main, nous commen\u00e7ons \u00e0 r\u00e9server des billets pour <strong>les foires et expositions incontournables de 2019.<\/strong><\/p>\n<h3><strong>Le Salone del Mobile 2019, Milan<\/strong><\/h3>\n<figure id=\"attachment_3870\" aria-describedby=\"caption-attachment-3870\" style=\"width: 640px\" class=\"wp-caption alignleft\"><img decoding=\"async\" class=\"size-full wp-image-3870\" src=\"http:\/\/journal.bontempi.it\/wp-content\/uploads\/2019\/01\/39711302780_3bfc9332fc_z.jpg\" alt=\" width=\" height=\"427\" title=\"\"><figcaption id=\"caption-attachment-3870\" class=\"wp-caption-text\">Courtesy photo: Salone del Mobile Milano<\/figcaption><\/figure>\n<h3><strong>\u00a0\u00a0\u00a0\u00a0\u00a0\u00a0\u00a0\u00a0\u00a0\u00a0\u00a0\u00a0\u00a0\u00a0\u00a0\u00a0\u00a0\u00a0\u00a0\u00a0\u00a0\u00a0\u00a0\u00a0\u00a0\u00a0\u00a0\u00a0 <\/strong><\/h3>\n<p>&nbsp;<\/p>\n<p>&nbsp;<\/p>\n<p>&nbsp;<\/p>\n<p>&nbsp;<\/p>\n<p>&nbsp;<\/p>\n<p>&nbsp;<\/p>\n<p>&nbsp;<\/p>\n<p>&nbsp;<\/p>\n<p>&nbsp;<\/p>\n<p>&nbsp;<\/p>\n<p><strong>Du 9 au 14 avril 2019<\/strong>, les rues du design de Milan rena\u00eetront avec l&rsquo;\u00e9v\u00e9nement le plus attendu de l&rsquo;ann\u00e9e. <strong>Salone del Mobile 2019, 58\u00e8me \u00e9dition<\/strong>, \u00e0 venir, et les nouvelles seront nombreuses. Comme chaque ann\u00e9e, des centaines de marques internationales exposeront leurs \u0153uvres et organiseront des \u00e9v\u00e9nements sp\u00e9ciaux pour l&rsquo;occasion. Un mod\u00e8le d&rsquo;entreprise consolid\u00e9, qui relie des professionnels et des experts du monde entier, cr\u00e9e un r\u00e9seau entre les d\u00e9cideurs et la communaut\u00e9 internationale du design: 435 065 pr\u00e9sences de 188 pays. Le Salone del Mobile est confirm\u00e9 comme la plate-forme commerciale incontest\u00e9e et reconnue internationalement du syst\u00e8me living.<\/p>\n<p>Ici, le design a trouv\u00e9 sa place et continue \u00e0 trouver sa repr\u00e9sentation la plus compl\u00e8te. Ici, le syst\u00e8me living prend vie et forme.<strong style=\"letter-spacing: 0px;\"> \u00a0 \u00a0 \u00a0 \u00a0 \u00a0 \u00a0 \u00a0 \u00a0\u00a0<\/strong><\/p>\n<h3>Camp: Notes on Fashion, MET Costume Institute New York<\/h3>\n<p>Que veut dire \u00ab\u00a0camp\u00a0\u00bb? Si vous recherchez la traduction dans un dictionnaire anglais-italien, vous rencontrerez les termes exag\u00e9r\u00e9s et eff\u00e9min\u00e9s. Susan Sontag, commissaire de cette exposition extraordinaire, nous donne des exemples concrets et pr\u00e9cis pour expliquer la signification de ce mot: \u00ab\u00a0les films de Scopitone, les lampes Tiffany, le restaurant Brown Derby sur Sunset Boulevard \u00e0 Los Angeles, les dessins de Aubrey Beardsley, Le Lac des cygnes, les \u0153uvres de Bellini, Salom\u00e9 dirig\u00e9es par Visconti, King Kong de Schoedsack, les v\u00eatements des femmes dans les ann\u00e9es 20 et les films porno regard\u00e9s sans d\u00e9sir \u00ab\u00a0. <strong>Camp: Notes on Fashion<\/strong> est une exposition enti\u00e8rement d\u00e9di\u00e9e \u00e0 l&rsquo;interpr\u00e9tation de ce concept aussi historique et actuel, un imaginaire contenu dans les collections de Gucci cr\u00e9\u00e9es par un pionnier artistique comme Alessandro di Michele, ou celles de l&rsquo;avant-garde Comme des Gar\u00e7ons et Rei Kawakubo, ou dans le look des stars Lady Gaga et Rihanna, dans des programmes queer tels que Drag Race de RuPaul. 175 pi\u00e8ces qui comprendront des v\u00eatements pour hommes et femmes, ainsi que des peintures, des dessins et des sculptures, toutes orchestr\u00e9es par le sc\u00e9nographe belge Jan Versweyveld. La premi\u00e8re partie de la visite accompagnera les visiteurs \u00e0 la d\u00e9couverte des origines du <strong>Camp<\/strong>, tandis que la derni\u00e8re l&rsquo;illustrera \u00e0 travers le travail de designers contemporains, dont Miuccia Prada et Demna Gvasalia, pour un total d&rsquo;environ 37 noms internationaux<em>.<\/em><\/p>\n<figure id=\"attachment_3786\" aria-describedby=\"caption-attachment-3786\" style=\"width: 3276px\" class=\"wp-caption alignleft\"><img decoding=\"async\" class=\"size-full wp-image-3786\" src=\"http:\/\/journal.bontempi.it\/wp-content\/uploads\/2018\/12\/annie-spratt-256173-unsplash.jpg\" alt=\" width=\" height=\"4096\" title=\"\"><figcaption id=\"caption-attachment-3786\" class=\"wp-caption-text\">Unsplash<\/figcaption><\/figure>\n<h3><strong>Peggy Guggenheim, la derni\u00e8re Dogaressa &#8211; Venise<\/strong><\/h3>\n<figure id=\"attachment_3879\" aria-describedby=\"caption-attachment-3879\" style=\"width: 2295px\" class=\"wp-caption alignleft\"><img decoding=\"async\" class=\"size-full wp-image-3879\" src=\"http:\/\/journal.bontempi.it\/wp-content\/uploads\/2019\/01\/Magritte_Empire-of-Light_76.2553.102_ph.jpg\" alt=\" width=\" height=\"3468\" title=\"\"><figcaption id=\"caption-attachment-3879\" class=\"wp-caption-text\">Courtesy photo: Ren\u00e9 Magritte, Empire of Light (L\u2019Empire des lumi\u00e8res), 1953\u201354, oil on canvas, 195.4 x 131.2 cm. Peggy Guggenheim Collection, Venice<\/figcaption><\/figure>\n<p>Qui a dit que Venise = seulement la Biennale de Venise 2019? Bien s\u00fbr, cela \u00e9tait d\u00e9j\u00e0 \u00e0 l&rsquo;ordre du jour, mais il y a encore beaucoup \u00e0 voir dans la ville \u00e9ternelle sur l&rsquo;eau. Le plus grand collectionneur d&rsquo;art de tous les temps &#8230; Enfin, une exposition est consacr\u00e9e \u00e0 Peggy Guggenheim, en particulier au moment v\u00e9nitien de sa vie. Nous sommes en 1948, apr\u00e8s que Peggy a quitt\u00e9 New York et ferm\u00e9 sa c\u00e9l\u00e8bre galerie-mus\u00e9e qui abritait les chefs-d\u2019\u0153uvre du si\u00e8cle. Cette exposition sp\u00e9ciale non publi\u00e9e, ouverte du 21 septembre 2019 au 27 janvier 2020 dans la Collection Peggy Guggenheim, pr\u00e9sentera une s\u00e9lection de peintures, sculptures et \u0153uvres d&rsquo;art que la c\u00e9l\u00e8bre Guggenheim a achet\u00e9es pour l&rsquo;amour de l&rsquo;art des ann\u00e9es 40 aux ann\u00e9es 80. pour les vrais amoureux de la peinture du XXe si\u00e8cle<strong>.<\/strong><\/p>\n<h3><strong>L&rsquo;exposition de Keith Haring &#8211; Tate Liverpool<\/strong><\/h3>\n<figure id=\"attachment_3861\" aria-describedby=\"caption-attachment-3861\" style=\"width: 6931px\" class=\"wp-caption alignleft\"><img decoding=\"async\" class=\"size-full wp-image-3861\" src=\"http:\/\/journal.bontempi.it\/wp-content\/uploads\/2019\/01\/Keith-Haring-Ignorance-Fear-1989.jpg\" alt=\" width=\" height=\"3866\" title=\"\"><figcaption id=\"caption-attachment-3861\" class=\"wp-caption-text\">Courtesy photo: Tate Liverpool<\/figcaption><\/figure>\n<p><strong>\u00a0<\/strong><\/p>\n<p>Pas seulement Londres qui appelle. 2019 sera l&rsquo;ann\u00e9e de Liverpool, une ville britannique en plein essor dans le domaine de l&rsquo;art et du design. L&rsquo;artiste l\u00e9gendaire est devenu c\u00e9l\u00e8bre \u00e0 New York dans les ann\u00e9es 80, dont les chefs-d&rsquo;\u0153uvre muraux sont devenus le symbole embl\u00e9matique de l&rsquo;art contemporain et de la libert\u00e9 artistique. Appelez \u00e7a du street art, appelez-le du pop art, mais le spectacle de Keith Haring \u00e0 la Tate Liverpool du 14 juin au 10 novembre 2019 vous surprendra de toutes les mani\u00e8res possibles<strong>.<\/strong><\/p>\n<h3>The Value of Good Design \u2013 MOMA, New York\u00a0 <strong>\u00a0\u00a0<\/strong><\/h3>\n<figure id=\"attachment_3865\" aria-describedby=\"caption-attachment-3865\" style=\"width: 300px\" class=\"wp-caption alignleft\"><img decoding=\"async\" class=\"size-full wp-image-3865\" src=\"http:\/\/journal.bontempi.it\/wp-content\/uploads\/2019\/01\/1526_2000-300x425.jpg\" alt=\" width=\" height=\"425\" title=\"\"><figcaption id=\"caption-attachment-3865\" class=\"wp-caption-text\">Courtesy photo: MOMA, Museum of Modern Art New York<\/figcaption><\/figure>\n<p>&nbsp;<\/p>\n<p>&nbsp;<\/p>\n<p>&nbsp;<\/p>\n<p>&nbsp;<\/p>\n<p>&nbsp;<\/p>\n<p>&nbsp;<\/p>\n<p>&nbsp;<\/p>\n<p>&nbsp;<\/p>\n<p>&nbsp;<\/p>\n<p>&nbsp;<\/p>\n<p>&nbsp;<\/p>\n<p>&nbsp;<\/p>\n<p>&nbsp;<\/p>\n<p>&nbsp;<\/p>\n<p>Il n\u2019ya pas de visite \u00e0 la Grosse Pomme sans un arr\u00eat au MOMA. \u00ab\u00a0Y a-t-il de l&rsquo;art dans un balai? Oui, dit le Museum of Modern Art de Manhattan, s\u2019il a \u00e9t\u00e9 con\u00e7u \u00e0 la fois du point de vue de l\u2019utilit\u00e9 et de l\u2019esth\u00e9tique \u00ab\u00a0. Cette citation, tir\u00e9e d\u2019une revue de Times de 1953, r\u00e9sume le concept de \u00ab\u00a0design\u00a0\u00bb selon le MOMA, l\u2019un des plus grands mus\u00e9es du monde. Qu&rsquo;est-ce qui peut \u00eatre d\u00e9fini comme un bon design et comment peut-il am\u00e9liorer la vie quotidienne? Ainsi, le mus\u00e9e de New York s&rsquo;anime de meubles, articles m\u00e9nagers, appareils m\u00e9nagers, articles de sport, jouets et autre encore en vogue entre les ann\u00e9es 30 et 50, pour l&rsquo;exposition <em>The Value of Good Design<\/em> (10 f\u00e9vrier &#8211; 27 mai 2019) . Parmi la s\u00e9rie FIAT 500 fabriqu\u00e9e en Italie, les voitures de l\u2019\u00e8re sovi\u00e9tique produites en Allemagne, un si\u00e8ge de cuisine br\u00e9silien, des estampes et des machines \u00e0 coudre japonaises\u2026 Le design dans sa forme la plus pure, alliant fonctionnalit\u00e9 et image. A VOIR.<\/p>\n<figure id=\"attachment_3790\" aria-describedby=\"caption-attachment-3790\" style=\"width: 4813px\" class=\"wp-caption alignleft\"><img decoding=\"async\" class=\"size-full wp-image-3790\" src=\"http:\/\/journal.bontempi.it\/wp-content\/uploads\/2018\/12\/fabian-fauth-260389-unsplash.jpg\" alt=\" width=\" height=\"3650\" title=\"\"><figcaption id=\"caption-attachment-3790\" class=\"wp-caption-text\">Unsplash<\/figcaption><\/figure>\n<h3><strong>Art Dubai 2019 \u2013 Dubai World Trade Centre, Dubai\u00a0<\/strong><\/h3>\n<figure id=\"attachment_3874\" aria-describedby=\"caption-attachment-3874\" style=\"width: 4464px\" class=\"wp-caption alignleft\"><img decoding=\"async\" class=\"size-full wp-image-3874\" src=\"http:\/\/journal.bontempi.it\/wp-content\/uploads\/2019\/01\/Day-1-294.jpg\" alt=\" width=\" height=\"2976\" title=\"\"><figcaption id=\"caption-attachment-3874\" class=\"wp-caption-text\">Courtesy photo: Dubai World Trade Center<\/figcaption><\/figure>\n<p>La plus grande foire qui combine art, divertissement et \u00e9ducation. Elle a lieu \u00e0 Duba\u00ef et les inscriptions pour 2019 (18-21 avril) sont ouvertes. Plus de 4000 \u0153uvres internationales vendues \u00e0 un prix compris entre 100 et 20 000 dollars. 180 galeries et artistes venus de 43 pays. Art interactif, peintures et illustrations, causeries, discussions ouvertes au public et ateliers pour adultes et enfants. Artistes et interpr\u00e8tes vivants, marathon d&rsquo;art mural ouvert \u00e0 tous, march\u00e9 artisanal. Show case d\u2019\u00e9coles d\u2019art, des comp\u00e9titions entre \u00e9tudiants et l\u2019attribution <em>du World Dubai Art Award<\/em>. Avez-vous besoin d&rsquo;autres raisons pour visiter Art Dubai au moins une fois dans votre vie?<\/p>\n<p>LIRE AUSSI: <u>Salone del Mobile 2018: les 3 tendances du design que nous allons adorer cette ann\u00e9e<\/u><\/p>\n<p>LIRE AUSSI: <u>Reportage Bontempi @ Salone Del Mobile 2018<\/u><\/p>\n<p>&nbsp;<\/p>\n","protected":false},"excerpt":{"rendered":"<p>Salone del Mobile 2019 \u00e0 Milan, la nouvelle exposition du MET Costume Institute \u00e0 New York et bien plus encore. Ce sont les immanquables expositions et foires d&rsquo;art et de design de 2019.<\/p>\n","protected":false},"author":0,"featured_media":27927,"comment_status":"closed","ping_status":"closed","sticky":false,"template":"","format":"standard","meta":{"inline_featured_image":false,"footnotes":""},"categories":[5873],"tags":[],"class_list":["post-83451","post","type-post","status-publish","format-standard","has-post-thumbnail","hentry","category-news-fr"],"acf":{"blog_cta":{"tagline":"","title":"","body":"","link_text":"","link":""},"gallery":null},"_links":{"self":[{"href":"https:\/\/www.bontempi.it\/fr\/wp-json\/wp\/v2\/posts\/83451","targetHints":{"allow":["GET"]}}],"collection":[{"href":"https:\/\/www.bontempi.it\/fr\/wp-json\/wp\/v2\/posts"}],"about":[{"href":"https:\/\/www.bontempi.it\/fr\/wp-json\/wp\/v2\/types\/post"}],"replies":[{"embeddable":true,"href":"https:\/\/www.bontempi.it\/fr\/wp-json\/wp\/v2\/comments?post=83451"}],"version-history":[{"count":0,"href":"https:\/\/www.bontempi.it\/fr\/wp-json\/wp\/v2\/posts\/83451\/revisions"}],"wp:featuredmedia":[{"embeddable":true,"href":"https:\/\/www.bontempi.it\/fr\/wp-json\/wp\/v2\/media\/27927"}],"wp:attachment":[{"href":"https:\/\/www.bontempi.it\/fr\/wp-json\/wp\/v2\/media?parent=83451"}],"wp:term":[{"taxonomy":"category","embeddable":true,"href":"https:\/\/www.bontempi.it\/fr\/wp-json\/wp\/v2\/categories?post=83451"},{"taxonomy":"post_tag","embeddable":true,"href":"https:\/\/www.bontempi.it\/fr\/wp-json\/wp\/v2\/tags?post=83451"}],"curies":[{"name":"wp","href":"https:\/\/api.w.org\/{rel}","templated":true}]}}