{"id":83412,"date":"2018-04-17T05:50:47","date_gmt":"2018-04-17T03:50:47","guid":{"rendered":"https:\/\/www.bontempi.it\/lanniversaire\/"},"modified":"2022-10-11T16:12:29","modified_gmt":"2022-10-11T14:12:29","slug":"lanniversaire","status":"publish","type":"post","link":"https:\/\/www.bontempi.it\/fr\/lanniversaire\/","title":{"rendered":"L\u2019anniversaire"},"content":{"rendered":"<p class=\"p1\">Quand la Maison devient le plus bel endroit du monde, m\u00eame pour une f\u00eate d&rsquo;anniversaire (surprise, mais pas trop)<\/p>\n<p><img decoding=\"async\" class=\"aligncenter size-full wp-image-1814\" src=\"http:\/\/journal.bontempi.it\/wp-content\/uploads\/2018\/03\/birthday-boy-bontempi.jpg\" alt=\" width=\" height=\"800\" title=\"\"><\/p>\n<p>Son anniversaire aurait \u00e9t\u00e9 ce dimanche l\u00e0. 10 ans 10. Maintenant, il devenait grand, Matteo. Il avait pass\u00e9 toute la journ\u00e9e \u00e0 r\u00eaver de sa f\u00eate d&rsquo;anniversaire: tous ses amis s&rsquo;amusaient beaucoup, mangeaient des pizzas au fromage et jouaient dehors dans le jardin, \u00e0 la fin du mois de mai, le soleil brille toujours; il aurait re\u00e7u des cadeaux \u00e0 d\u00e9baller comme des bonbons, et il aurait mang\u00e9 son g\u00e2teau pr\u00e9f\u00e9r\u00e9: le g\u00e2teau en forme beignet en vanille recouvert de gla\u00e7age et de sucre, le d\u00e9lice que sa m\u00e8re a pr\u00e9par\u00e9 avec amour. Oui, c&rsquo;est vrai, son anniversaire aurait \u00e9t\u00e9 une journ\u00e9e fantastique. Il a juste d\u00fb demander \u00e0 ses parents la permission d&rsquo;organiser la f\u00eate.<\/p>\n<p><em><strong>Mardi, 8h00<\/strong><\/em><\/p>\n<p>Matteo se r\u00e9veille heureux et guilleret, descend dans le salon et trouve sa m\u00e8re en train de pr\u00e9parer la table pour le petit-d\u00e9jeuner: le caf\u00e9 est r\u00e9serv\u00e9 aux adultes, Matteo le sait bien, et m\u00eame si dans quelques jours il sera grand aussi, il est heureux de \u00ab\u00a0se contenter\u00a0\u00bb des savoureuses tartelettes aux pommes, chaudes et croquantes, sorti du four juste pour lui. Ils sont l\u00e0, sur la table, dans un plat en c\u00e9ramique. \u00ab\u00a0Bonjour ch\u00e9ri, es-tu pr\u00eat pour l&rsquo;\u00e9cole?\u00a0\u00bb. Matteo est tr\u00e8s pr\u00eat, juste &#8230; Il a une question.<\/p>\n<blockquote class=\"modern-quote\"><p>\u00ab\u00a0Maman, dimanche c&rsquo;est mon anniversaire. J&rsquo;ai 10 ans! 10! Puis-je faire une f\u00eate ici \u00e0 la maison? S&rsquo;il te plait!\u00a0\u00bb<\/p><\/blockquote>\n<p>La bouilloire \u00e0 th\u00e9 siffle. La Dame, qui porte encore une jolie robe de chambre en soie violette, entre dans la cuisine, remplit la tasse d&rsquo;eau chaude et la pose sur la grande table en bois du spacieux salon. \u00ab\u00a0Non, je suis d\u00e9sol\u00e9, ch\u00e9rie, nous serons occup\u00e9s dimanche. Pas de f\u00eate, cette fois. Mais par curiosit\u00e9, qu&rsquo;auriez-tu voulu faire lors de ta f\u00eate? \u00ab\u00a0. Matteo est tr\u00e8s d\u00e9\u00e7u, triste et m\u00eame un peu en col\u00e8re: pourquoi ne pourrait-il pas avoir sa f\u00eate d&rsquo;anniversaire? Cependant, il r\u00e9pond courtoisement: \u00abMaman, j&rsquo;aimerais avoir des ballons color\u00e9s partout dans la maison. Et j&rsquo;aimerais inviter tous mes amis de l&rsquo;\u00e9cole et du football.<\/p>\n<p>Et j&rsquo;aimerais jouer dehors dans le jardin, tu sais, il fait beau \u00e0 ce moment. Je ne peux pas avoir ma f\u00eate? \u00ab\u00a0. Mais il \u00e9tait tard, maman doity aller au travail.<\/p>\n<p>Matteo n&rsquo;abandonne pas: il va essayer encore demain.<\/p>\n<p><em><strong>Mercredi, 7h00<\/strong><\/em><\/p>\n<p>Maintenant qu&rsquo;il le remarque, la table dans le salon est tr\u00e8s spacieuse. Il est fait de bois sombre, comme dit son p\u00e8re \u00ab\u00a0mon petit bijou, en noyer massif\u00a0\u00bb, ou \u00ab\u00a0Bref, quelque chose comme \u00e7a\u00a0\u00bb, pense Matteo, qui pour la premi\u00e8re fois est d\u00e9j\u00e0 r\u00e9veill\u00e9 en ce moment. Il est dans le salon, assis sur la chaise beige que maman avait voulu combiner avec la table sombre, et regarde la surface en bois de cette table solide et massive. Il r\u00e9fl\u00e9chit:<\/p>\n<blockquote class=\"modern-quote\"><p>\u00ab\u00a0En fait c&rsquo;est vraiment g\u00e9nial &#8230; Il pourrait aussi y avoir des plateaux avec des pizzas, et des focaccias, et peut-\u00eatre m\u00eame des bretzels, ces d\u00e9licieux et tr\u00e8s sal\u00e9s\u00a0\u00bb.<\/p><\/blockquote>\n<p>Aujourd&rsquo;hui est une bonne journ\u00e9e. Il demandera \u00e0 son p\u00e8re la permission d&rsquo;organiser la f\u00eate.<\/p>\n<p><img decoding=\"async\" class=\"alignright size-full wp-image-2284\" src=\"http:\/\/journal.bontempi.it\/wp-content\/uploads\/2018\/04\/tavolo-millenium-bontempi-5.png\" alt=\" width=\" height=\"1120\" title=\"\"><\/p>\n<p><em><strong>8h00<\/strong><\/em><\/p>\n<p>\u00ab\u00a0Matteo, qu&rsquo;est-ce que tu fais d\u00e9j\u00e0 lev\u00e9? Un miracle! \u00ab\u00a0. Le p\u00e8re de Matteo fait un travail \u00e9trange, il invente la publicit\u00e9, il est cr\u00e9atif. Certainement il approuvera l&rsquo;id\u00e9e de la f\u00eate! pense le quasi-grand-petit Matteo. \u00ab\u00a0Papa, \u00e9coute, peut on avoir ma f\u00eate d&rsquo;anniversaire le dimanche?\u00a0\u00bb Le p\u00e8re lui sourit, lui caresse la t\u00eate et va verser son caf\u00e9. De retour dans le salon, posez la tasse sur la serviette en jute, achet\u00e9e lors d&rsquo;un voyage \u00e0 Marrakech.<\/p>\n<blockquote class=\"modern-quote\"><p>\u00ab\u00a0Non Matteo, cette fois non, nous sommes occup\u00e9s dimanche. Mais par curiosit\u00e9, si nous d\u00e9cidions d&rsquo;organiser une f\u00eate, qu&rsquo;auriez-tu aim\u00e9 manger? \u00ab\u00a0.<\/p><\/blockquote>\n<p>Matteo n&rsquo;en croit pas ses oreilles: pourquoi pas? Qu&rsquo;ont-ils de si sp\u00e9cial \u00e0 faire dimanche? \u00abUgh. Je voulais de la pizza au fromage, de la focaccia et des bretzels \u00ab\u00a0.<\/p>\n<p>Et papa va aussi au bureau. Maman l&#8217;emm\u00e8ne \u00e0 l&rsquo;\u00e9cole, et tout est silencieux.<\/p>\n<p><em><strong>Jeudi, 8h30<\/strong><\/em><\/p>\n<p>\u00ab\u00a0Matteo, alors nous serons en retard! Pourquoi es-tu encore au lit? \u00ab\u00a0. Maman ouvre la porte de la chambre. Les murs sont bleu clair et des \u00e9toiles adh\u00e9sives argent\u00e9es brillent au plafond. Elles sont un cadeau de Davide, son meilleur ami. \u00ab\u00a0Maman, est-ce qu&rsquo;on peut avoir ma f\u00eate dimanche?\u00a0\u00bb demande Matteo, qui jette un coup d&rsquo;\u0153il de sous le lit, portant toujours son pyjama en coton color\u00e9. \u00ab\u00a0Non, ch\u00e9rie, nous sommes occup\u00e9s dimanche. Mais par curiosit\u00e9, si nous d\u00e9cidions de faire la f\u00eate, quel cadeau aimeriez-tu? \u00ab\u00a0.<\/p>\n<p>Le petit Matteo fait la grimace dans le salon, s&rsquo;assied sur la chaise en cuir anthracite et, tristement, appuie sa t\u00eate sur la table en bois massif. Il r\u00eave avec les yeux ouverts le cadeau qu&rsquo;il souhaiterait le plus pour son anniversaire: un v\u00e9lo. Son premier vrai gros v\u00e9lo, comme celui de ses parents &#8211; ou presque &#8211; rouge, sa couleur pr\u00e9f\u00e9r\u00e9e. \u00ab\u00a0La bicyclette rouge\u00a0\u00bb.<\/p>\n<p><img loading=\"lazy\" decoding=\"async\" class=\"alignright size-full wp-image-2279\" src=\"http:\/\/journal.bontempi.it\/wp-content\/uploads\/2018\/04\/Birthday-boy.jpg\" alt=\"Birthday-boy\" width=\"941\" height=\"1412\" title=\"\"><\/p>\n<p>&nbsp;<\/p>\n<p>Matteo passe les jours suivants \u00e0 dessiner des bicyclettes rouges et des tranches de pizza sur des feuilles de papier qu&rsquo;il laisse ensuite dans la maison. Donc c&rsquo;est dimanche, c&rsquo;est son anniversaire. Mais ce matin, Matteo ne veut pas se lever. Pas de g\u00e2teau, pas de f\u00eate.<br \/>\nLa sonnette de la porte d&rsquo;entr\u00e9e sonne. Au contraire, elle crie. Personne ne semble aller ouvrir. Sonne et crie une seconde fois. Matteo d\u00e9cide d&rsquo;aller voir de qui il s\u2019aggit mais, bon, o\u00f9 sont ses parents? Il court pour ouvrir la porte, qui sait si c&rsquo;est aussi en noyer massif, et &#8230; \u00ab\u00a0SURPRISE!\u00a0\u00bb. Dans la cour il y a Davide, Lorenzo, Simone, Andrea, Stefano, et aussi Omar, qu\u2019il n&rsquo;a pas vu depuis longtemps. Ses amis sont tous l\u00e0, avec un paquet dans leur mains, quelqu&rsquo;un a aussi un ballon de football et des sacs de bonbons. \u00ab\u00a0Joyeux anniversaire!\u00a0\u00bb Crient ses amis. WOW! Les enfants vont au salon et voil\u00e0, il y a des ballons color\u00e9s partout, et sur la grande table sombre il y a des plateaux en papier pleins de pizzas au fromage, focaccia aux olives, bretzels et &#8230; Papa et maman sont l\u00e0, avec deux petites cl\u00e9s en acier dans leur mains. \u00ab\u00a0Dehors il y a ton cadeau, attach\u00e9 avec une cha\u00eene, celles-ci sont les cl\u00e9s. Mais attention, va lentement et reste du bon c\u00f4t\u00e9 de la route! \u00ab\u00a0, son p\u00e8re se recommande. Matteo n&rsquo;arrive pas \u00e0 y croire, il a eu sa belle f\u00eate d&rsquo;anniversaire, ses amis, sa pizza au fromage et sa focaccia, son premier v\u00e9lo rouge comme les grands et &#8230; \u00a0\u00bb Mais il y a aussi un beignet \u00e0 la vanille! Comment saviez-vous que je le voulais? Je ne vous l&rsquo;ai pas dit!\u00a0\u00bb Maman et papa sourient.<\/p>\n<p><img loading=\"lazy\" decoding=\"async\" class=\"alignright size-full wp-image-2298\" src=\"http:\/\/journal.bontempi.it\/wp-content\/uploads\/2018\/04\/birthday-boy.png\" alt=\"birthday-boy\" width=\"1592\" height=\"1061\" title=\"\"><\/p>\n<blockquote class=\"modern-quote\"><p>\u00ab\u00a0Joyeux anniversaire ch\u00e9ri!\u00a0\u00bb.<\/p><\/blockquote>\n<p>La g\u00e9noise recouverte de gla\u00e7age blanc et de boules de sucre color\u00e9es y est pos\u00e9e, immobile et intacte &#8211; m\u00eame si pas pour longtemps &#8211; sur cette belle table en noyer massif. Et ce salon, la Maison, semble vraiment le plus bel endroit du monde.<\/p>\n<p>&nbsp;<\/p>\n","protected":false},"excerpt":{"rendered":"<p>Quand la Maison devient le plus bel endroit du monde, m\u00eame pour une f\u00eate d&rsquo;anniversaire (surprise, mais pas trop)<\/p>\n","protected":false},"author":0,"featured_media":27763,"comment_status":"open","ping_status":"closed","sticky":false,"template":"","format":"standard","meta":{"inline_featured_image":false,"footnotes":""},"categories":[5867,5869],"tags":[],"class_list":["post-83412","post","type-post","status-publish","format-standard","has-post-thumbnail","hentry","category-stories-fr","category-living-stories-fr"],"acf":{"blog_cta":{"tagline":"","title":"","body":"","link_text":"","link":""},"gallery":null},"_links":{"self":[{"href":"https:\/\/www.bontempi.it\/fr\/wp-json\/wp\/v2\/posts\/83412","targetHints":{"allow":["GET"]}}],"collection":[{"href":"https:\/\/www.bontempi.it\/fr\/wp-json\/wp\/v2\/posts"}],"about":[{"href":"https:\/\/www.bontempi.it\/fr\/wp-json\/wp\/v2\/types\/post"}],"replies":[{"embeddable":true,"href":"https:\/\/www.bontempi.it\/fr\/wp-json\/wp\/v2\/comments?post=83412"}],"version-history":[{"count":0,"href":"https:\/\/www.bontempi.it\/fr\/wp-json\/wp\/v2\/posts\/83412\/revisions"}],"wp:featuredmedia":[{"embeddable":true,"href":"https:\/\/www.bontempi.it\/fr\/wp-json\/wp\/v2\/media\/27763"}],"wp:attachment":[{"href":"https:\/\/www.bontempi.it\/fr\/wp-json\/wp\/v2\/media?parent=83412"}],"wp:term":[{"taxonomy":"category","embeddable":true,"href":"https:\/\/www.bontempi.it\/fr\/wp-json\/wp\/v2\/categories?post=83412"},{"taxonomy":"post_tag","embeddable":true,"href":"https:\/\/www.bontempi.it\/fr\/wp-json\/wp\/v2\/tags?post=83412"}],"curies":[{"name":"wp","href":"https:\/\/api.w.org\/{rel}","templated":true}]}}