{"id":108726,"date":"2023-04-30T10:54:00","date_gmt":"2023-04-30T08:54:00","guid":{"rendered":"https:\/\/www.bontempi.it\/come-creare-un-vero-salotto-in-giardino\/"},"modified":"2023-09-26T16:14:36","modified_gmt":"2023-09-26T14:14:36","slug":"come-creare-un-vero-salotto-in-giardino","status":"publish","type":"post","link":"https:\/\/www.bontempi.it\/fr\/comment-creer-un-veritable-salon-dans-le-jardin\/","title":{"rendered":"Comment cr\u00e9er un v\u00e9ritable salon dans le jardin"},"content":{"rendered":"<p>Pour cr\u00e9er un\u00a0<strong>salon de<\/strong> <strong>jardin agr\u00e9able<\/strong>, il ne suffit pas de choisir et de placer des meubles. Une id\u00e9e conceptuelle doit \u00eatre d\u00e9velopp\u00e9e\u00a0: cr\u00e9er un <strong>environnement harmonieux <\/strong>dans lequel tous les \u00e9l\u00e9ments contribuent \u00e0 la <strong>d\u00e9tente<\/strong> et \u00e0 l\u2019accueil des invit\u00e9s lors des f\u00eates et des d\u00eeners. En ce sens, l\u2019am\u00e9nagement d&rsquo;un salon d&rsquo;ext\u00e9rieur confortable est le meilleur moyen de <strong>transformer votre\u00a0<\/strong><a href=\"https:\/\/www.pgcasa.it\/preventivi\/mobili-per-esterno\" target=\"_blank\" rel=\"noopener\"><strong>jardin<\/strong><\/a><strong> en une<\/strong><strong>\u00a0petite oasis de paix<\/strong>.<\/p>\n<h2><strong>\u00c9valuez d\u2019abord l\u2019espace disponible <\/strong><\/h2>\n<p>La mesure de l\u2019espace est obligatoire, accompagn\u00e9e de l&rsquo;<strong>\u00e9valuation des longueurs et des largeurs des c\u00f4t\u00e9s<\/strong>, dans lesquels peuvent \u00eatre ins\u00e9r\u00e9s <strong>non seulement l&rsquo;ensemble de salon<\/strong> avec les fauteuils et la table basse, mais aussi d<strong>&lsquo;autres \u00e9l\u00e9ments de d\u00e9cor\u00a0<\/strong>: par exemple, des <strong>plantes<\/strong>, des <strong>lampes, des<\/strong> <strong>poufs<\/strong> et des <strong>foyers pour accueillir le barbecue<\/strong>. Qu\u2019elle soit longue pour cr\u00e9er un <strong>environnement rectangulaire<\/strong>, ou <strong>carr\u00e9e<\/strong> pour recr\u00e9er une petite pi\u00e8ce compacte, chaque configuration a sa dignit\u00e9.<\/p>\n<p>Si vous ne disposez <strong>que d\u2019une terrasse<\/strong> et non d\u2019un jardin, il est essentiel de <strong>pr\u00e9voir en d\u00e9tail toutes les \u00e9ventualit\u00e9s\u00a0<\/strong>: d\u00e9terminer \u00e0 l&rsquo;avance comment disposer les meubles et quel espace occuper.<\/p>\n<h2><strong>Salon de jardin\u00a0: quel style choisir\u00a0?<\/strong><\/h2>\n<p>Le style est et reste l\u2019\u00e9l\u00e9ment principal de tout environnement. Et sans exception, le salon de jardin doit <strong>refl\u00e9ter la continuit\u00e9 avec le d\u00e9cor int\u00e9rieur<\/strong>.\u00a0Dans une maison moderne o\u00f9 le <strong>verre et l\u2019acier <\/strong>dominent, il conviendra d\u2019opter pour des meubles au <strong>style \u00e9galement moderne<\/strong>\u00a0: <strong>canap\u00e9s et tables en rotin ponc\u00e9s<\/strong> et plastifi\u00e9s. C\u2019est encore mieux s\u2019ils sont dot\u00e9s d&rsquo;un plateau en verre. <strong>Chaise longue<\/strong>, kitchenette d\u2019ext\u00e9rieur et <strong>poufs<\/strong>\u00a0compl\u00e8tent l\u2019am\u00e9nagement ext\u00e9rieur dans un style sophistiqu\u00e9. Dans un environnement contemporain, la chaise <strong>Rocket<\/strong> de la collection <strong>Bontempi <\/strong>est id\u00e9ale. <strong>Chaise empilable avec structure int\u00e9grale en polypropyl\u00e8ne et fibre de verre recyclable<\/strong>.<\/p>\n<p>Les <strong>meubles plus rustiques<\/strong>, en revanche, ceux en <strong>osier tress\u00e9 ou en bois<\/strong>, conviendront aux <strong>environnements traditionnels<\/strong> et ruraux, accompagn\u00e9s d\u2019accessoires <strong>en tissu \u00e9cossais<\/strong> ou proven\u00e7al <strong>de style shabby<\/strong>.<\/p>\n<h2><strong>Choisir une table basse pour le jardin <\/strong><\/h2>\n<p>Les <strong>moments de partage<\/strong> (d\u00eeners, go\u00fbters, ap\u00e9ritifs) sont sans doute les meilleures occasions de profiter des charmes d\u2019un salon d\u2019ext\u00e9rieur. \u00c0 cet \u00e9gard, outre des si\u00e8ges confortables et accueillants, la pr\u00e9sence d\u2019une table est indispensable. Elle peut \u00eatre petite, mais elle est n\u00e9cessaire comme <strong>base pour accueillir les boissons et les amuse-gueules<\/strong>. Son style doit refl\u00e9ter l\u2019id\u00e9e g\u00e9n\u00e9rale de l\u2019ameublement, mais une <strong>table avec beaucoup de personnalit\u00e9<\/strong> a toujours du succ\u00e8s. C\u2019est le cas de la table <strong>Club<\/strong> de <strong>Bontempi<\/strong>\u00a0: un classique moderne, <strong>avec une<\/strong> <strong>base en acier laqu\u00e9 pour l&rsquo;ext\u00e9rieur<\/strong>, <strong>id\u00e9ale pour accueillir des plateaux en stratifi\u00e9 ou en alu compact<\/strong>.<\/p>\n<figure id=\"attachment_108675\" aria-describedby=\"caption-attachment-108675\" style=\"width: 750px\" class=\"wp-caption alignnone\"><img loading=\"lazy\" decoding=\"async\" class=\"size-full wp-image-108675\" src=\"https:\/\/www.bontempi.it\/wp-content\/uploads\/2023\/05\/Sedia-Rocket.png\" alt=\"Il salotto da giardino firmato Bontempi\" width=\"750\" height=\"1000\" title=\"\"><figcaption id=\"caption-attachment-108675\" class=\"wp-caption-text\">Le salon de jardin sign\u00e9 Bontempi<\/figcaption><\/figure>\n<h2><strong>Mobilier de jardin\u00a0: les mat\u00e9riaux les plus appropri\u00e9s<\/strong><\/h2>\n<p>Les meubles de jardin sont fabriqu\u00e9s avec des <strong>mat\u00e9riaux adapt\u00e9s \u00e0 r\u00e9sister aux intemp\u00e9ries<\/strong>. Pour avoir l\u2019assurance que votre mobilier de jardin durera, il est conseill\u00e9 d\u2019opter pour des produits certifi\u00e9s. Les mat\u00e9riaux les plus couramment utilis\u00e9s sont\u00a0:<strong><br \/>\n<\/strong>\u2022 <strong>Polyrattan<\/strong><br \/>\nLe rotin et le polyrattan (solution non naturelle) sont des mat\u00e9riaux d&rsquo;ext\u00e9rieur caract\u00e9ris\u00e9s par un <strong>tissage<\/strong> typique <strong>de mat\u00e9riaux naturels (rotin) ou synth\u00e9tiques (polyrattan)<\/strong>. Avec les <strong>derni\u00e8res tendances \u00e9cologiques<\/strong>, le rotin revient sur le devant de la sc\u00e8ne. Le rotin naturel <strong>est co\u00fbteux et d\u00e9licat<\/strong>, la solution synth\u00e9tique est beaucoup plus durable.<strong><br \/>\n<\/strong>\u2022 <strong>Fer et aluminium<\/strong><br \/>\nDes mat\u00e9riaux similaires, mais tr\u00e8s diff\u00e9rents, il est n\u00e9cessaire de distinguer le type de m\u00e9tal. <strong>Le<\/strong><strong> fer forg\u00e9 est un classique intemporel<\/strong> dot\u00e9 d\u2019un fort caract\u00e8re esth\u00e9tique et d\u2019une r\u00e9sistance remarquable. L\u2019inconv\u00e9nient \u00e9ventuel est son poids excessif et son assise peu confortable (il faut en effet des coussins tr\u00e8s confortables). L\u2019<strong>aluminium, en revanche, est le mat\u00e9riau qui devient de plus en plus pr\u00e9sent dans le secteur du mobilier de jardin<\/strong>\u00a0: des solutions pop sont propos\u00e9es, \u00e9ventuellement associ\u00e9es \u00e0 des couleurs vives et \u00e0 des textures plastiques.\u00a0Ce mat\u00e9riau rend les meubles de jardin l\u00e9gers, durables et r\u00e9sistants aux intemp\u00e9ries.\u00a0<strong><br \/>\n<\/strong>\u2022 <strong>Bois<\/strong> <strong>trait\u00e9<\/strong><br \/>\n<strong>Les salons de jardin en bois sont incontournables <\/strong>et d\u2019une beaut\u00e9 incontestable. Qu\u2019il s\u2019agisse de <strong>teck<\/strong>, de <strong>robinier<\/strong>, de <strong>bambou <\/strong>ou d&rsquo;autres bois tropicaux, ces mat\u00e9riaux ont une forte connotation esth\u00e9tique. L\u2019inconv\u00e9nient de ces meubles est l\u2019entretien\u00a0: le bois est un mat\u00e9riau qui n\u00e9cessite un soin extr\u00eame.<\/p>\n<h2><strong>Salon de jardin\u00a0: encore plus beau la nuit <\/strong><\/h2>\n<p>Le charme d\u2019un salon de jardin passe souvent par l\u2019\u00e9clairage. Le choix de la bonne solution d\u2019\u00e9clairage implique donc une <strong>\u00e9valuation minutieuse de toutes les possibilit\u00e9s<\/strong>\u00a0: des solutions simples et habituelles telles qu\u2019un syst\u00e8me d&rsquo;\u00e9clairage ext\u00e9rieur existant, de <strong>petites lampes de jardin diss\u00e9min\u00e9es dans les coins<\/strong>, ou m\u00eame des <strong>LED enterr\u00e9es ou encastr\u00e9es dans le plafond de la v\u00e9randa<\/strong>.\u00a0Les <strong>lampadaires<\/strong> <strong>romantiques <\/strong>fabriqu\u00e9s dans des mat\u00e9riaux adapt\u00e9s \u00e0 l\u2019ext\u00e9rieur peuvent \u00e9galement \u00eatre parfaits pour les salons de style shabby. Enfin, pratiques et apportant une belle atmosph\u00e8re, les<strong> lanternes et les maxi-bougies<\/strong> cr\u00e9ent une atmosph\u00e8re magique.<\/p>\n","protected":false},"excerpt":{"rendered":"<p>Le style est et reste l\u2019\u00e9l\u00e9ment principal de tout environnement. Pour cr\u00e9er un <strong>salon de jardin<\/strong> agr\u00e9able, il ne suffit pas de choisir et de placer des meubles. Un concept doit \u00eatre d\u00e9velopp\u00e9\u00a0: cr\u00e9er un environnement harmonieux dans lequel tous les \u00e9l\u00e9ments contribuent \u00e0 la d\u00e9tente.<\/p>\n","protected":false},"author":15,"featured_media":108681,"comment_status":"closed","ping_status":"closed","sticky":false,"template":"","format":"standard","meta":{"inline_featured_image":false,"footnotes":""},"categories":[5870],"tags":[],"class_list":["post-108726","post","type-post","status-publish","format-standard","has-post-thumbnail","hentry","category-les-propositions-bontempi-casa"],"acf":{"blog_cta":{"tagline":"","title":"","body":"","link_text":"","link":""},"gallery":""},"_links":{"self":[{"href":"https:\/\/www.bontempi.it\/fr\/wp-json\/wp\/v2\/posts\/108726","targetHints":{"allow":["GET"]}}],"collection":[{"href":"https:\/\/www.bontempi.it\/fr\/wp-json\/wp\/v2\/posts"}],"about":[{"href":"https:\/\/www.bontempi.it\/fr\/wp-json\/wp\/v2\/types\/post"}],"author":[{"embeddable":true,"href":"https:\/\/www.bontempi.it\/fr\/wp-json\/wp\/v2\/users\/15"}],"replies":[{"embeddable":true,"href":"https:\/\/www.bontempi.it\/fr\/wp-json\/wp\/v2\/comments?post=108726"}],"version-history":[{"count":1,"href":"https:\/\/www.bontempi.it\/fr\/wp-json\/wp\/v2\/posts\/108726\/revisions"}],"predecessor-version":[{"id":108728,"href":"https:\/\/www.bontempi.it\/fr\/wp-json\/wp\/v2\/posts\/108726\/revisions\/108728"}],"wp:featuredmedia":[{"embeddable":true,"href":"https:\/\/www.bontempi.it\/fr\/wp-json\/wp\/v2\/media\/108681"}],"wp:attachment":[{"href":"https:\/\/www.bontempi.it\/fr\/wp-json\/wp\/v2\/media?parent=108726"}],"wp:term":[{"taxonomy":"category","embeddable":true,"href":"https:\/\/www.bontempi.it\/fr\/wp-json\/wp\/v2\/categories?post=108726"},{"taxonomy":"post_tag","embeddable":true,"href":"https:\/\/www.bontempi.it\/fr\/wp-json\/wp\/v2\/tags?post=108726"}],"curies":[{"name":"wp","href":"https:\/\/api.w.org\/{rel}","templated":true}]}}