{"id":108554,"date":"2023-03-31T12:20:00","date_gmt":"2023-03-31T10:20:00","guid":{"rendered":"https:\/\/www.bontempi.it\/appendiabiti-di-design-da-terra-quale-scegliere\/"},"modified":"2023-09-26T16:14:43","modified_gmt":"2023-09-26T14:14:43","slug":"appendiabiti-di-design-da-terra-quale-scegliere","status":"publish","type":"post","link":"https:\/\/www.bontempi.it\/fr\/porte-manteau-design-sur-pied-lequel-choisir\/","title":{"rendered":"Porte-manteau design sur pied : lequel choisir?"},"content":{"rendered":"\n<p>Les porte-manteaux sur pied sont <strong>une alternative fonctionnelle et polyvalente <\/strong>aux porte-manteaux muraux classiques. Ils fournissent non seulement <strong>plus d\u2019espace<\/strong> pour suspendre les vestes, les manteaux, les \u00e9charpes et les sacs, mais ils permettent \u00e9galement de <strong>suspendre n\u2019importe quel v\u00eatement en toute s\u00e9curit\u00e9<\/strong>, sans risquer de former des taches dangereuses sur les murs.<\/p>\n\n\n\n<h2 class=\"wp-block-heading\"><strong>Porte-manteaux design&nbsp;: le mot d\u2019ordre est l\u2019innovation<\/strong><strong><\/strong><\/h2>\n\n\n\n<p>Il existe de nombreuses inspirations de design qui peuvent transformer un porte-manteau d\u2019un simple accessoire pratique en un <strong>\u00e9l\u00e9ment d\u00e9coratif qui rehausse le style et l\u2019harmonie d\u2019une pi\u00e8ce<\/strong>.<\/p>\n\n\n\n<p>Le march\u00e9 regorge d\u2019exemples de produits vivants et innovants qui peuvent aujourd\u2019hui r\u00e9pondre \u00e0 tous les besoins en mati\u00e8re de style et de personnalit\u00e9. Mais de quelles id\u00e9es pouvez-vous vous inspirer pour votre propre maison&nbsp;?<\/p>\n\n\n\n<p><strong>Porte-manteau<\/strong><strong> tripode&nbsp;:<\/strong> pour une plus grande stabilit\u00e9 et une large base sur laquelle accrocher les v\u00eatements. Ce mod\u00e8le est disponible dans de nombreux mat\u00e9riaux diff\u00e9rents, notamment le bois massif, le m\u00e9tal et l\u2019acrylique transparent.<\/p>\n\n\n\n<p><strong>Porte-manteau \u00ab&nbsp;tour&nbsp;\u00bb&nbsp;:<\/strong> il peut accueillir de nombreux v\u00eatements gr\u00e2ce \u00e0 sa structure fine et compacte. Parfait pour les espaces restreints, comme un hall d\u2019entr\u00e9e ou une chambre \u00e0 coucher.<\/p>\n\n\n\n<p><strong>Porte-manteau en forme d\u2019arbre&nbsp;<\/strong>: ici, les branches et les feuilles servent de crochets pour suspendre les manteaux, les vestes et les sacs. Il peut \u00eatre fabriqu\u00e9 en bois ou en m\u00e9tal et constitue un ajout naturel et d\u00e9coratif \u00e0 toute pi\u00e8ce.<\/p>\n\n\n\n<p><strong>Porte-manteau en T&nbsp;:<\/strong> l\u2019int\u00e9r\u00eat de cette forme r\u00e9side dans une base solide et un bras long et fin qui s\u2019\u00e9tend vers le haut. Il est id\u00e9al pour les espaces les plus minimalistes, o\u00f9 la simplicit\u00e9 est essentielle.<\/p>\n\n\n\n<p><strong>Porte-manteau sculpt\u00e9&nbsp;:<\/strong> une v\u00e9ritable \u0153uvre d\u2019art moderne. Il peut \u00eatre fait de mat\u00e9riaux tels que le m\u00e9tal ou la pierre et pr\u00e9senter des formes g\u00e9om\u00e9triques particuli\u00e8res, telles qu\u2019une spirale ou une figure abstraite.<\/p>\n\n\n\n<p><strong>Porte-manteau mural&nbsp;:<\/strong> il est fix\u00e9 directement au mur, avec une structure minimaliste mais fonctionnelle. Il est recommand\u00e9 pour les petits espaces, o\u00f9 chaque centim\u00e8tre est strat\u00e9giquement pens\u00e9.<\/p>\n\n\n\n<p><strong>Porte-manteau \u00e0 fleurs : <\/strong>les p\u00e9tales servent de crochets pour suspendre les manteaux et les sacs. Il s\u2019int\u00e8gre parfaitement dans les espaces au charme romantique et proven\u00e7al.<\/p>\n\n\n\n<figure class=\"wp-block-image size-full\"><img loading=\"lazy\" decoding=\"async\" width=\"750\" height=\"1000\" src=\"https:\/\/www.bontempi.it\/wp-content\/uploads\/2023\/04\/HULA_VERTICALE.png\" alt=\"Appendiabiti da terra firmato Bontempi\" class=\"wp-image-108537\" title=\"\"><figcaption class=\"wp-element-caption\">Porte-manteaux sur pied sign\u00e9s Bontempi<\/figcaption><\/figure>\n\n\n\n<h2 class=\"wp-block-heading\"><strong>O\u00f9 placer un porte-manteau design dans la maison&nbsp;?<\/strong><strong><\/strong><\/h2>\n\n\n\n<p>En g\u00e9n\u00e9ral, le porte-manteau sur pied <strong>peut \u00eatre plac\u00e9 dans n\u2019importe quelle pi\u00e8ce de la maison<\/strong>. Il offre non seulement un moyen fonctionnel d\u2019organiser la maison, mais il peut aussi devenir un objet de design qui <strong>enrichit la d\u00e9coration int\u00e9rieure<\/strong>. Il peut notamment \u00eatre plac\u00e9 dans le hall d\u2019entr\u00e9e, la chambre \u00e0 coucher, le bureau personnel ou le salon.<\/p>\n\n\n\n<p><strong>Entr\u00e9e&nbsp;:<\/strong> Il suffit de le placer \u00e0 c\u00f4t\u00e9 de la porte pour disposer d\u2019un point d\u2019appui facilement accessible \u00e0 tout moment. Une fa\u00e7on simple et fonctionnelle de compl\u00e9ter l\u2019am\u00e9nagement de l\u2019entr\u00e9e.<\/p>\n\n\n\n<p><strong>Chambre \u00e0 coucher&nbsp;:<\/strong> Un porte-manteau design sur pied est \u00e9galement utile dans la chambre \u00e0 coucher. Il peut \u00eatre plac\u00e9 \u00e0 c\u00f4t\u00e9 de l\u2019armoire ou dans un coin de la pi\u00e8ce pour avoir toujours quelque chose \u00e0 quoi accrocher les v\u00eatements du lendemain. Vous pouvez ainsi avoir tout \u00e0 port\u00e9e de main sans avoir \u00e0 plier ou \u00e0 ranger les v\u00eatements dans l\u2019armoire.<\/p>\n\n\n\n<p><strong>Bureau&nbsp;:<\/strong> Si vous disposez d\u2019un bureau ou d\u2019un home office, vous devez trouver une solution strat\u00e9gique pour organiser la pi\u00e8ce. Avec un porte-manteau sur pied plac\u00e9 \u00e0 c\u00f4t\u00e9 de votre bureau ou d\u2019un fauteuil, vous disposerez toujours d\u2019un endroit confortable pour d\u00e9poser vos v\u00eatements.<\/p>\n\n\n\n<p><strong>S\u00e9jour&nbsp;: <\/strong>Si vous recevez souvent des invit\u00e9s, un porte-manteau design sur pied peut \u00eatre le meilleur choix pour \u00e9viter d\u2019encombrer l\u2019entr\u00e9e avec une vari\u00e9t\u00e9 de manteaux, de sacs et de v\u00eatements. Il suffit de le placer pr\u00e8s d\u2019une fen\u00eatre ou dans un coin de la pi\u00e8ce pour avoir un endroit o\u00f9 ranger les v\u00eatements des invit\u00e9s \u00e0 port\u00e9e de main.<\/p>\n\n\n\n<h2 class=\"wp-block-heading\"><strong>Porte-manteau design sur pied&nbsp;: un choix de caract\u00e8re<\/strong><strong><\/strong><\/h2>\n\n\n\n<p>Apr\u00e8s avoir \u00e9tabli que la premi\u00e8re \u00e9tape pour choisir le bon porte-manteau sur pied est de pr\u00eater attention aux d\u00e9tails, \u00e0 l\u2019esprit d\u2019innovation, \u00e0 l\u2019impact visuel et \u00e0 la qualit\u00e9 de construction, il est maintenant temps de regarder de plus pr\u00e8s les mod\u00e8les de porte-manteaux sur pied pour vous inspirer dans le choix de votre mobilier.<\/p>\n\n\n\n<p>Par exemple avec<strong> Alga<\/strong>, pr\u00e9sent\u00e9 dans la <strong>collection Bontempi 2023<\/strong>, qui offre <strong>une solution \u00e9l\u00e9gante et fonctionnelle <\/strong>pour suspendre les v\u00eatements et les accessoires. Avec son <strong>design minimaliste et sophistiqu\u00e9<\/strong>, Alga est fabriqu\u00e9 \u00e0 partir de mat\u00e9riaux de haute qualit\u00e9, tels que l\u2019<strong>acier inoxydable satin\u00e9 et la r\u00e9sine thermoplastique<\/strong>, qui lui conf\u00e8rent robustesse et durabilit\u00e9. Gr\u00e2ce \u00e0 son design fin et \u00e0 sa capacit\u00e9 \u00e0 supporter plusieurs objets \u00e0 la fois, Alga permet d\u2019\u00e9conomiser de l\u2019espace dans la pi\u00e8ce o\u00f9 il est plac\u00e9.<\/p>\n\n\n\n<p>C\u2019est aussi le cas de <strong>Battista<\/strong>, qui <strong>allie la fonctionnalit\u00e9 du m\u00e9tal \u00e0 l\u2019esprit classique du bois de noyer massif<\/strong>. Il s\u2019adapte \u00e0 tout type d\u2019ameublement, du plus moderne au plus traditionnel, gr\u00e2ce \u00e0 son caract\u00e8re pratique et sophistiqu\u00e9 et \u00e0 son <strong>fort impact esth\u00e9tique<\/strong>.&nbsp;<\/p>\n","protected":false},"excerpt":{"rendered":"<p>Les porte-manteaux sur pied sont une alternative fonctionnelle et polyvalente aux porte-manteaux muraux classiques. Ils offrent non seulement plus d\u2019espace pour suspendre les vestes, les manteaux, les \u00e9charpes et les sacs, mais ils permettent \u00e9galement de suspendre n\u2019importe quel v\u00eatement en toute s\u00e9curit\u00e9, sans risquer de former des taches dangereuses sur les murs.<\/p>\n","protected":false},"author":15,"featured_media":108543,"comment_status":"closed","ping_status":"closed","sticky":false,"template":"","format":"standard","meta":{"inline_featured_image":false,"footnotes":""},"categories":[5870],"tags":[],"class_list":["post-108554","post","type-post","status-publish","format-standard","has-post-thumbnail","hentry","category-les-propositions-bontempi-casa"],"acf":{"blog_cta":{"tagline":"","title":"","body":"","link_text":"","link":""},"gallery":""},"_links":{"self":[{"href":"https:\/\/www.bontempi.it\/fr\/wp-json\/wp\/v2\/posts\/108554","targetHints":{"allow":["GET"]}}],"collection":[{"href":"https:\/\/www.bontempi.it\/fr\/wp-json\/wp\/v2\/posts"}],"about":[{"href":"https:\/\/www.bontempi.it\/fr\/wp-json\/wp\/v2\/types\/post"}],"author":[{"embeddable":true,"href":"https:\/\/www.bontempi.it\/fr\/wp-json\/wp\/v2\/users\/15"}],"replies":[{"embeddable":true,"href":"https:\/\/www.bontempi.it\/fr\/wp-json\/wp\/v2\/comments?post=108554"}],"version-history":[{"count":2,"href":"https:\/\/www.bontempi.it\/fr\/wp-json\/wp\/v2\/posts\/108554\/revisions"}],"predecessor-version":[{"id":108557,"href":"https:\/\/www.bontempi.it\/fr\/wp-json\/wp\/v2\/posts\/108554\/revisions\/108557"}],"wp:featuredmedia":[{"embeddable":true,"href":"https:\/\/www.bontempi.it\/fr\/wp-json\/wp\/v2\/media\/108543"}],"wp:attachment":[{"href":"https:\/\/www.bontempi.it\/fr\/wp-json\/wp\/v2\/media?parent=108554"}],"wp:term":[{"taxonomy":"category","embeddable":true,"href":"https:\/\/www.bontempi.it\/fr\/wp-json\/wp\/v2\/categories?post=108554"},{"taxonomy":"post_tag","embeddable":true,"href":"https:\/\/www.bontempi.it\/fr\/wp-json\/wp\/v2\/tags?post=108554"}],"curies":[{"name":"wp","href":"https:\/\/api.w.org\/{rel}","templated":true}]}}