{"id":107987,"date":"2023-02-28T13:05:00","date_gmt":"2023-02-28T12:05:00","guid":{"rendered":"https:\/\/www.bontempi.it\/quali-mensole-scegliere-per-il-salotto-e-come-disporle\/"},"modified":"2023-06-20T17:24:11","modified_gmt":"2023-06-20T15:24:11","slug":"quali-mensole-scegliere-per-il-salotto-e-come-disporle","status":"publish","type":"post","link":"https:\/\/www.bontempi.it\/fr\/quelles-etageres-choisir-pour-le-salon-et-comment-les-disposer\/","title":{"rendered":"Quelles choisir pour le salon et comment les disposer ?"},"content":{"rendered":"\n<p>Les \u00e9tag\u00e8res sont un \u00e9l\u00e9ment <strong>incontournable de la d\u00e9coration int\u00e9rieure<\/strong>. M\u00eame dans le salon, elles sont une excellente id\u00e9e <strong>pour d\u00e9corer les murs avec style<\/strong>. Les \u00e9tag\u00e8res suspendues offrent un espace de rangement suppl\u00e9mentaire pour de nombreux accessoires d\u2019ameublement tels que les livres, les vases, les ornements.<\/p>\n\n\n\n<h2 class=\"wp-block-heading\"><strong>\u00c9tag\u00e8res pour le salon&nbsp;: inspirations et id\u00e9es <\/strong><strong><\/strong><\/h2>\n\n\n\n<p>Dans une pi\u00e8ce enti\u00e8rement nouvelle, qui n\u2019a pas encore \u00e9t\u00e9 meubl\u00e9e, on ins\u00e8re souvent une \u00e9tag\u00e8re ou une biblioth\u00e8que pour ranger des objets. Mais si, au contraire, il n\u2019y a pas de place pour une armoire ou s\u2019il y a d\u00e9j\u00e0 un mur semi-am\u00e9nag\u00e9, les <strong>\u00e9tag\u00e8res sont<\/strong> certainement <strong>la meilleure solution<\/strong>. Gr\u00e2ce \u00e0 leur <strong>libert\u00e9 de composition<\/strong>, les \u00e9tag\u00e8res utilisent parfaitement les murs, ajoutant une surface suppl\u00e9mentaire pour l\u2019<strong>organisation de l\u2019espace<\/strong> et de la<strong> cr\u00e9ativit\u00e9<\/strong>&nbsp;: en pr\u00e9sence d\u2019\u00e9tag\u00e8res, les murs sont comme des feuilles de papier vierges sur lesquelles on peut dessiner.<br>S\u2019il existe un&nbsp;<strong>coin bureau<\/strong> dans le salon, avec un petit bureau et une chaise, c\u2019est l\u2019endroit id\u00e9al pour ajouter des \u00e9tag\u00e8res&nbsp;: elles permettent de diviser l\u2019espace entre celui d\u00e9di\u00e9 \u00e0 la d\u00e9tente et celui d\u00e9di\u00e9 au travail.<br><strong>Parmi les styles les plus populaires<\/strong>, le style <strong>scandinave<\/strong> se distingue certainement&nbsp;: il propose des <strong>biblioth\u00e8ques su\u00e9doises <\/strong>classiques <strong>avec plusieurs montants, <\/strong>qui peuvent \u00eatre fix\u00e9es au mur ou au sol, en espa\u00e7ant les \u00e9tag\u00e8res \u00e0 volont\u00e9. Une variante simplifi\u00e9e et encore plus facile est <strong>l\u2019\u00e9tag\u00e8re de style marin<\/strong>, dans laquelle les <strong>supports des<\/strong> <strong>\u00e9tag\u00e8res<\/strong> <strong>sont constitu\u00e9s de cordes<\/strong> accroch\u00e9es au mur ou au plafond, et dans laquelle les \u00e9tag\u00e8res, reposant entre les n\u0153uds, mettent la structure sous tension en raison de leur propre poids et des charges plac\u00e9es sur elles.<\/p>\n\n\n\n<h2 class=\"wp-block-heading\"><strong>Les \u00e9tag\u00e8res&nbsp;: un \u00e9l\u00e9ment omnipr\u00e9sent dans l\u2019histoire de l\u2019architecture <\/strong><strong><\/strong><\/h2>\n\n\n\n<p>Dans le secteur du mobilier, les \u00e9tag\u00e8res trouvent leur origine dans l\u2019<strong>\u00e9l\u00e9ment architectural du <\/strong>m\u00eame nom, avec une fonction \u00e0 la fois de <strong>transmission des charges<\/strong> et de <strong>d\u00e9coration<\/strong>. En architecture, <strong>les \u00e9tag\u00e8res sont connues depuis le n\u00e9olithique<\/strong> comme un \u00e9l\u00e9ment fondamental pour la construction d\u2019arcs, de balcons ou de cr\u00e9neaux. R\u00e9pondant au besoin fondamental de supporter des charges, l\u2019<strong>\u00e9tag\u00e8re<\/strong> a pris, au fil des si\u00e8cles, de <strong>nombreuses formes et tailles<\/strong> diff\u00e9rentes, de nombreux mat\u00e9riaux et des styles vari\u00e9s.<\/p>\n\n\n\n<figure class=\"wp-block-image size-full\"><img loading=\"lazy\" decoding=\"async\" width=\"750\" height=\"1000\" src=\"https:\/\/www.bontempi.it\/wp-content\/uploads\/2023\/03\/1000x750VERTICALE.png\" alt=\"Mensole per il salotto firmate Bontempi\" class=\"wp-image-107973\" title=\"\"><figcaption class=\"wp-element-caption\">\u00c9tag\u00e8res pour le salon sign\u00e9es Bontempi<\/figcaption><\/figure>\n\n\n\n<h2 class=\"wp-block-heading\"><strong>O\u00f9 placer des \u00e9tag\u00e8res pour meubler le salon&nbsp;?<\/strong><strong><\/strong><\/h2>\n\n\n\n<p>\u2022&nbsp; <strong>Sur la partie inf\u00e9rieure du mur<\/strong>. Des \u00e9tag\u00e8res suspendues dans la partie inf\u00e9rieure du mur (\u00e0 c\u00f4t\u00e9 de la chemin\u00e9e ou du meuble TV) offrent un espace de rangement facilement accessible.<\/p>\n\n\n\n<p>\u2022 <strong>Dispos\u00e9es derri\u00e8re le canap\u00e9<\/strong>. Le mur derri\u00e8re le canap\u00e9 peut \u00eatre transform\u00e9 en une belle galerie d\u2019impressions, de peintures et de photographies en pla\u00e7ant quelques \u00e9tag\u00e8res o\u00f9 placer des \u0153uvres au lieu de les accrocher au mur.<\/p>\n\n\n\n<p>\u2022 <strong>Dans un coin vide du salon<\/strong>. Les \u00e9tag\u00e8res sont la solution parfaite pour remplir une partie vide d\u2019un mur de mani\u00e8re fonctionnelle&nbsp;: vous pouvez ajouter une touche de design avec des \u00e9tag\u00e8res \u00e9paisses et voyantes, comme celles en bois, qui ont un fort impact visuel.<\/p>\n\n\n\n<p>\u2022 <strong>Arrang\u00e9es sur un mur pour cr\u00e9er une biblioth\u00e8que<\/strong>. En disposant des \u00e9tag\u00e8res verticalement et horizontalement sur le mur, on obtient l\u2019effet d\u2019une biblioth\u00e8que. Il est conseill\u00e9 de se concentrer sur deux parties du mur, en laissant la chemin\u00e9e ou le meuble TV au milieu. Dans ce cas, il est pr\u00e9f\u00e9rable d\u2019opter pour des \u00e9tag\u00e8res fines&nbsp;: elles sont plus \u00e9l\u00e9gantes et mettent en valeur les livres, qui semblent ainsi \u00eatre suspendus au mur.<\/p>\n\n\n\n<p>\u2022 <strong>Au-dessus d\u2019une armoire<\/strong>. Si le salon abrite un beau placard ancien en bois, l\u2019\u00e9tag\u00e8re doit \u00eatre aussi longue que le meuble situ\u00e9 en dessous afin d\u2019\u00eatre coordonn\u00e9e. On peut au contraire oser les couleurs, pour cr\u00e9er un dynamisme visuel&nbsp;: par exemple, si le placard est en bois vert, l\u2019\u00e9tag\u00e8re peut \u00eatre en bois clair et lisse.<\/p>\n\n\n\n<p>\u2022 <strong>Sur un mur de couleur<\/strong>. Avec des \u00e9tag\u00e8res blanches tr\u00e8s simples, fix\u00e9es au mur avec un support blanc, il est possible de cr\u00e9er un meuble ouvert suspendu, \u00e0 placer \u00e0 c\u00f4t\u00e9 du canap\u00e9, par exemple.<\/p>\n\n\n\n<h2 class=\"wp-block-heading\"><strong>Quels mat\u00e9riaux choisir pour les \u00e9tag\u00e8res du salon&nbsp;?<\/strong><strong><\/strong><\/h2>\n\n\n\n<p>Le <strong>mat\u00e9riau le plus couramment utilis\u00e9<\/strong> pour les \u00e9tag\u00e8res est le <strong>bois&nbsp;<\/strong>: polyvalent et durable, il <strong>s\u2019adapte \u00e0 tous les environnements<\/strong>. Les types les plus adapt\u00e9s sont ceux issus d\u2019arbres \u00e0 croissance rapide&nbsp;: le&nbsp;<strong>peuplier massif, tr\u00e8s dur et r\u00e9sistant, ou le tulipier, tendre et facile \u00e0 travailler<\/strong>.Le <strong>noyer, l\u2019\u00e9pic\u00e9a <\/strong>et le<strong> pin sont parmi les plus robustes et les plus raffin\u00e9s<\/strong>, enrichis de grains qui apportent \u00e0 la pi\u00e8ce une touche d\u2019originalit\u00e9. Mais l\u2019<strong>olivier<\/strong>, le<strong> ch\u00eane<\/strong>, le <strong>h\u00eatre<\/strong>, le<strong> ch\u00e2taignier <\/strong>et le<strong> cerisier offrent<\/strong> \u00e9galement<strong> une bonne durabilit\u00e9<\/strong>. En outre, <strong>les \u00e9tag\u00e8res en bois se marient parfaitement avec les fauteuils en cuir<\/strong>, par exemple le <strong>fauteuil Lucrezia avec accoudoirs<\/strong>, de la <strong>collection Bontempi 2023<\/strong>. <strong>Lucrezia <\/strong>est le r\u00e9sultat de la <strong>fusion d\u2019une construction et d\u2019une exp\u00e9rimentation d\u2019avant-garde&nbsp;<\/strong>: la structure m\u00e9tallique se distingue par son caract\u00e8re et son <strong>aspect l\u00e9ger<\/strong> et est magnifiquement assortie au <strong>merveilleux fauteuil en cuir int\u00e9gral<\/strong>, produit \u00e0 partir de cuir de qualit\u00e9 sup\u00e9rieure. Les \u00e9tag\u00e8res <strong>peuvent \u00e9galement \u00eatre en acier ou en verre<\/strong>, auquel cas elles conviennent aux pi\u00e8ces de style moderne. Le&nbsp;<strong>plastique rigide transparent<\/strong>&nbsp;est une option de substitution, moins ch\u00e8re que le verre et plus l\u00e9g\u00e8re&nbsp;: il est toutefois conseill\u00e9 d\u2019\u00e9viter de placer des objets trop lourds sur ce type d\u2019\u00e9tag\u00e8re.<\/p>\n","protected":false},"excerpt":{"rendered":"<p>Les \u00e9tag\u00e8res sont un \u00e9l\u00e9ment <strong>incontournable de la d\u00e9coration int\u00e9rieure<\/strong>. Dans le salon, elles repr\u00e9sentent une excellente id\u00e9e <strong>pour d\u00e9corer les murs avec style<\/strong>. Les \u00e9tag\u00e8res suspendues offrent un espace de rangement suppl\u00e9mentaire pour de nombreux objets d\u2019ameublement tels que les livres, les vases, les ornements.<\/p>\n","protected":false},"author":15,"featured_media":107979,"comment_status":"closed","ping_status":"closed","sticky":false,"template":"","format":"standard","meta":{"inline_featured_image":false,"footnotes":""},"categories":[5870],"tags":[],"class_list":["post-107987","post","type-post","status-publish","format-standard","has-post-thumbnail","hentry","category-les-propositions-bontempi-casa"],"acf":{"blog_cta":{"tagline":"","title":"","body":"","link_text":"","link":""},"gallery":""},"_links":{"self":[{"href":"https:\/\/www.bontempi.it\/fr\/wp-json\/wp\/v2\/posts\/107987","targetHints":{"allow":["GET"]}}],"collection":[{"href":"https:\/\/www.bontempi.it\/fr\/wp-json\/wp\/v2\/posts"}],"about":[{"href":"https:\/\/www.bontempi.it\/fr\/wp-json\/wp\/v2\/types\/post"}],"author":[{"embeddable":true,"href":"https:\/\/www.bontempi.it\/fr\/wp-json\/wp\/v2\/users\/15"}],"replies":[{"embeddable":true,"href":"https:\/\/www.bontempi.it\/fr\/wp-json\/wp\/v2\/comments?post=107987"}],"version-history":[{"count":3,"href":"https:\/\/www.bontempi.it\/fr\/wp-json\/wp\/v2\/posts\/107987\/revisions"}],"predecessor-version":[{"id":122590,"href":"https:\/\/www.bontempi.it\/fr\/wp-json\/wp\/v2\/posts\/107987\/revisions\/122590"}],"wp:featuredmedia":[{"embeddable":true,"href":"https:\/\/www.bontempi.it\/fr\/wp-json\/wp\/v2\/media\/107979"}],"wp:attachment":[{"href":"https:\/\/www.bontempi.it\/fr\/wp-json\/wp\/v2\/media?parent=107987"}],"wp:term":[{"taxonomy":"category","embeddable":true,"href":"https:\/\/www.bontempi.it\/fr\/wp-json\/wp\/v2\/categories?post=107987"},{"taxonomy":"post_tag","embeddable":true,"href":"https:\/\/www.bontempi.it\/fr\/wp-json\/wp\/v2\/tags?post=107987"}],"curies":[{"name":"wp","href":"https:\/\/api.w.org\/{rel}","templated":true}]}}