{"id":5872,"count":17,"description":"\u00c9v\u00e9nements, personnages et tendances: Bontempi explore le monde du design et de l'ameublement \u00e0 travers ses protagonistes.","link":"https:\/\/www.bontempi.it\/fr\/categories\/salone-del-mobile\/","name":"Salone del Mobile","slug":"salone-del-mobile-2018-fr","taxonomy":"category","parent":0,"meta":[],"acf":[],"_links":{"self":[{"href":"https:\/\/www.bontempi.it\/fr\/wp-json\/wp\/v2\/categories\/5872","targetHints":{"allow":["GET"]}}],"collection":[{"href":"https:\/\/www.bontempi.it\/fr\/wp-json\/wp\/v2\/categories"}],"about":[{"href":"https:\/\/www.bontempi.it\/fr\/wp-json\/wp\/v2\/taxonomies\/category"}],"wp:post_type":[{"href":"https:\/\/www.bontempi.it\/fr\/wp-json\/wp\/v2\/posts?categories=5872"}],"curies":[{"name":"wp","href":"https:\/\/api.w.org\/{rel}","templated":true}]}}